{"id":13759,"date":"2018-02-08T14:34:25","date_gmt":"2018-02-08T17:34:25","guid":{"rendered":"http:\/\/www.corumbaonline.com.br\/news\/?p=13759"},"modified":"2018-02-08T15:05:40","modified_gmt":"2018-02-08T18:05:40","slug":"cursos-em-diferentes-areas-garantem-capacitacao-a-reeducandas-de-corumba","status":"publish","type":"post","link":"https:\/\/www.corumbaonline.com.br\/news\/cursos-em-diferentes-areas-garantem-capacitacao-a-reeducandas-de-corumba\/","title":{"rendered":"Cursos em diferentes \u00e1reas garantem capacita\u00e7\u00e3o a reeducandas de Corumb\u00e1"},"content":{"rendered":"<p>Em Corumb\u00e1, reeducandas do Estabelecimento Penal Feminino \u201cCarlos Alberto Jonas Giordano\u201d (EPFCAJG) j\u00e1 participaram de v\u00e1rias qualifica\u00e7\u00f5es neste in\u00edcio de ano. Dentre os cursos est\u00e3o \u201cT\u00e9cnicas na produ\u00e7\u00e3o de Hortali\u00e7as\u201d, \u201cNo\u00e7\u00f5es em Primeiros Socorros\u201d e \u201cInclus\u00e3o Digital\u201d.<\/p>\n<p>Os ensinamentos foram oferecidos por meio da parceria entre a Ag\u00eancia Estadual de Administra\u00e7\u00e3o do Sistema Penitenci\u00e1rio (Agepen), o Servi\u00e7o Nacional de Aprendizagem Rural (Senar) e o Sindicato Rural de Corumb\u00e1. Ao todo, 35 internas foram capacitadas.<\/p>\n<p>Com carga hor\u00e1ria total de 16 horas, o curso de hortali\u00e7as abrangeu t\u00e9cnicas como preparo do solo, sistemas de plantios, irriga\u00e7\u00e3o, colheitas, entre outros t\u00f3picos. As aulas foram ministradas em tr\u00eas dias, nos per\u00edodos matutino e vespertino, e capacitou 15 reeducandas.<\/p>\n<p>J\u00e1 no aprendizado de primeiros socorros, as alunas puderam aperfei\u00e7oar os conhecimentos na \u00e1rea, al\u00e9m de aprender sobre preven\u00e7\u00e3o de acidentes de trabalho. A capacita\u00e7\u00e3o teve por objetivo ensinar procedimentos simples com o prop\u00f3sito de manter as fun\u00e7\u00f5es vitais e evitar o agravamento do estado f\u00edsico de algu\u00e9m at\u00e9 a chegada de assist\u00eancia qualificada.<\/p>\n<p>As orienta\u00e7\u00f5es transmitidas \u00e0s internas v\u00e3o desde a checagem de pulso e respira\u00e7\u00e3o at\u00e9 a realiza\u00e7\u00e3o de massagem card\u00edaca, formas de estancar hemorragias, como agir em caso de ataque de animal pe\u00e7onhento ou contato com produto t\u00f3xico. Com 10 horas de curso, a capacita\u00e7\u00e3o foi oferecida a 10 detentas.<\/p>\n<p>No curso de inclus\u00e3o digital, as participantes receberam informa\u00e7\u00f5es b\u00e1sicas de inform\u00e1tica, uso adequado e eficiente das novas tecnologias e ferramentas de gest\u00e3o. A qualifica\u00e7\u00e3o teve carga hor\u00e1ria total de 16 horas e contou com a participa\u00e7\u00e3o de mais 10 internas.<\/p>\n<p>Para a diretora da unidade prisional, Anelize L\u00e1zaro de Lima, as qualifica\u00e7\u00f5es oferecidas \u00e0s reeducandas ocupam o tempo ocioso e contribuem na mudan\u00e7a de comportamentos dentro e fora do pres\u00eddio. \u201cTodos os cursos realizados oferecem direito a certificado, o que favorece na hora de buscarem melhores oportunidades no mercado de trabalho\u201d, afirma.<\/p>\n<div id=\"attachment_191709\" class=\"wp-caption alignnone\"><img loading=\"lazy\" decoding=\"async\" class=\"wp-image-191709 size-full\" src=\"http:\/\/www.ms.gov.br\/wp-content\/uploads\/sites\/150\/2018\/02\/cursos-presidio-corumba-1.jpg\" sizes=\"auto, (max-width: 672px) 100vw, 672px\" srcset=\"http:\/\/www.ms.gov.br\/wp-content\/uploads\/sites\/150\/2018\/02\/cursos-presidio-corumba-1.jpg 672w, http:\/\/www.ms.gov.br\/wp-content\/uploads\/sites\/150\/2018\/02\/cursos-presidio-corumba-1-300x166.jpg 300w\" alt=\"\" width=\"672\" height=\"372\" \/><\/p>\n<p class=\"wp-caption-text\"><em>Agepen conta com a parceria do Senar para oferecer cursos \u00e0s reeducandas<\/em><\/p>\n<\/div>\n<p>Na unidade feminina de Corumb\u00e1 s\u00e3o promovidas v\u00e1rias a\u00e7\u00f5es que oferecem oportunidade de ressocializa\u00e7\u00e3o \u00e0s custodiadas. Entre os projetos desenvolvidos est\u00e1 o coral \u201cVox in Libertae\u201d, com apresenta\u00e7\u00f5es realizadas pelas internas at\u00e9 mesmo fora da unidade prisional, e o \u201cXadrez que Liberta\u201d, em que as reeducandas aprendem e praticam o esporte tendo, inclusive, algumas delas participado por dois anos seguidos do campeonato estadual.<\/p>\n<p><strong>Profissionaliza\u00e7\u00e3o e Reinser\u00e7\u00e3o<\/strong><\/p>\n<p>Os cursos profissionalizantes ofertados a custodiados da Agepen s\u00e3o coordenados pela Diretoria de Assist\u00eancia Penitenci\u00e1ria, por meio da Divis\u00e3o de Educa\u00e7\u00e3o, que acompanha as a\u00e7\u00f5es de parceria, atuando junto \u00e0s institui\u00e7\u00f5es e estabelecimentos penais no fornecimento de suporte \u00e0s capacita\u00e7\u00f5es.<\/p>\n<p>Segundo o diretor-presidente da Agepen,\u00a0Aud de Oliveira Chaves, a qualifica\u00e7\u00e3o t\u00e9cnica \u00e9 uma importante ferramenta de reinser\u00e7\u00e3o social. \u201cEm 2017, mas 1,1 mil reeducandos foram capacitados profissionalmente e para este ano j\u00e1 est\u00e3o previstos diversos cursos em \u00e1rea pontuais\u201d, informa o dirigente.<\/p>\n<p>Segundo Aud, entre as novidades para este ano, na \u00e1rea de qualifica\u00e7\u00e3o profissional da massa carcer\u00e1ria, est\u00e3o novas oficinas nas \u00e1reas de corte e costura, marcenaria, serralheria e padaria, por meio do Programa de Capacita\u00e7\u00e3o Profissional, do Minist\u00e9rio da Educa\u00e7\u00e3o (Procap).<\/p>\n","protected":false},"excerpt":{"rendered":"<p>Em Corumb\u00e1, reeducandas do Estabelecimento Penal Feminino \u201cCarlos Alberto Jonas Giordano\u201d (EPFCAJG) j\u00e1 participaram de&#8230;<\/p>\n","protected":false},"author":1,"featured_media":13760,"comment_status":"closed","ping_status":"closed","sticky":false,"template":"","format":"standard","meta":{"footnotes":""},"categories":[2,14],"tags":[],"class_list":["post-13759","post","type-post","status-publish","format-standard","has-post-thumbnail","hentry","category-agropecuaria","category-geral"],"_links":{"self":[{"href":"https:\/\/www.corumbaonline.com.br\/news\/wp-json\/wp\/v2\/posts\/13759","targetHints":{"allow":["GET"]}}],"collection":[{"href":"https:\/\/www.corumbaonline.com.br\/news\/wp-json\/wp\/v2\/posts"}],"about":[{"href":"https:\/\/www.corumbaonline.com.br\/news\/wp-json\/wp\/v2\/types\/post"}],"author":[{"embeddable":true,"href":"https:\/\/www.corumbaonline.com.br\/news\/wp-json\/wp\/v2\/users\/1"}],"replies":[{"embeddable":true,"href":"https:\/\/www.corumbaonline.com.br\/news\/wp-json\/wp\/v2\/comments?post=13759"}],"version-history":[{"count":1,"href":"https:\/\/www.corumbaonline.com.br\/news\/wp-json\/wp\/v2\/posts\/13759\/revisions"}],"predecessor-version":[{"id":13761,"href":"https:\/\/www.corumbaonline.com.br\/news\/wp-json\/wp\/v2\/posts\/13759\/revisions\/13761"}],"wp:featuredmedia":[{"embeddable":true,"href":"https:\/\/www.corumbaonline.com.br\/news\/wp-json\/wp\/v2\/media\/13760"}],"wp:attachment":[{"href":"https:\/\/www.corumbaonline.com.br\/news\/wp-json\/wp\/v2\/media?parent=13759"}],"wp:term":[{"taxonomy":"category","embeddable":true,"href":"https:\/\/www.corumbaonline.com.br\/news\/wp-json\/wp\/v2\/categories?post=13759"},{"taxonomy":"post_tag","embeddable":true,"href":"https:\/\/www.corumbaonline.com.br\/news\/wp-json\/wp\/v2\/tags?post=13759"}],"curies":[{"name":"wp","href":"https:\/\/api.w.org\/{rel}","templated":true}]}}