{"id":14199,"date":"2018-02-26T08:30:44","date_gmt":"2018-02-26T12:30:44","guid":{"rendered":"http:\/\/www.corumbaonline.com.br\/news\/?p=14199"},"modified":"2018-02-26T08:12:38","modified_gmt":"2018-02-26T12:12:38","slug":"governo-debate-monitoramento-de-carbono-na-agropecuaria-e-lanca-carne-sustentavel-do-pantanal","status":"publish","type":"post","link":"https:\/\/www.corumbaonline.com.br\/news\/governo-debate-monitoramento-de-carbono-na-agropecuaria-e-lanca-carne-sustentavel-do-pantanal\/","title":{"rendered":"Governo debate monitoramento de carbono na agropecu\u00e1ria e lan\u00e7a Carne Sustent\u00e1vel do Pantanal"},"content":{"rendered":"<p>O incentivo \u00e0 ado\u00e7\u00e3o de pr\u00e1ticas sustent\u00e1veis que promovam a redu\u00e7\u00e3o das emiss\u00f5es de carbono na produ\u00e7\u00e3o industrial e agropecu\u00e1ria de Mato Grosso do Sul \u00e9 um dos eixos estruturantes da pol\u00edtica de desenvolvimento econ\u00f4mico implantada pela administra\u00e7\u00e3o estadual do governador Reinaldo Azambuja, em conson\u00e2ncia com as diretrizes e metas nacionais firmadas na COP 21.<\/p>\n<p>Para tratar do assunto, nesta ter\u00e7a-feira (27.2), a Embrapa Gado de Corte realiza o f\u00f3rum \u201cOportunidades de precifica\u00e7\u00e3o de carbono no setor agropecu\u00e1rio\u201d. O evento conta com o apoio do Governo do Estado, por meio da Secretaria de Meio Ambiente, Desenvolvimento Econ\u00f4mico, Produ\u00e7\u00e3o e Agricultura Familiar (Semagro) e ser\u00e1 realizado \u00e0s 8h, no audit\u00f3rio da Federa\u00e7\u00e3o da Agricultura e Pecu\u00e1ria de MS (Famasul). A organiza\u00e7\u00e3o tamb\u00e9m conta com a participa\u00e7\u00e3o da WRI Brasil.<\/p>\n<p>\u201cO Brasil tem condi\u00e7\u00f5es de liderar a quest\u00e3o das mudan\u00e7as clim\u00e1ticas e Mato Grosso do Sul apresenta hoje uma situa\u00e7\u00e3o favor\u00e1vel para despontar como refer\u00eancia, pois oferece condi\u00e7\u00f5es competitivas para o setor produtivo e abriga boas pr\u00e1ticas de sustentabilidade. A realiza\u00e7\u00e3o desse f\u00f3rum \u00e9 fundamental para nos auxiliar na implementa\u00e7\u00e3o de pol\u00edticas p\u00fablicas inovadoras\u201d, comenta o secret\u00e1rio da Semagro, Jaime Verruck.<\/p>\n<p>Durante o f\u00f3rum, ser\u00e1 debatida a utiliza\u00e7\u00e3o de ferramentas de precifica\u00e7\u00e3o de emiss\u00f5es de carbono no setor agropecu\u00e1rio. Essa \u00e9 uma discuss\u00e3o que ocorre em \u00e2mbito nacional, sob supervis\u00e3o do Minist\u00e9rio da Fazenda e integra o projeto PMR Brasil (sigla para Partnership for Market Readiness, Parceria para a Prepara\u00e7\u00e3o do Mercado), com foco na futura regula\u00e7\u00e3o do setor no Pa\u00eds. O evento ir\u00e1 contar com a presen\u00e7a de autoridades governamentais, pesquisadores e representantes do setor empresarial.<\/p>\n<p><strong>Carne Sustent\u00e1vel do Pantanal<\/strong><\/p>\n<p>Al\u00e9m do debate sobre as emiss\u00f5es de carbono, o f\u00f3rum tamb\u00e9m ser\u00e1 palco para o lan\u00e7amento das medidas do Governo do Estado para o apoio \u00e0 produ\u00e7\u00e3o de Carne Sustent\u00e1vel no Pantanal.<\/p>\n<p>O objetivo do Governo do Estado \u00e9 fomentar a competitividade e incentivar a pecu\u00e1ria bovina de baixo impacto ambiental no Pantanal, estimulando a produ\u00e7\u00e3o baseada no modelo tradicional, com baixo n\u00edvel de interven\u00e7\u00e3o nos recursos naturais existentes naquela regi\u00e3o, e utilizando-se de escopos tecnol\u00f3gicos, para linhas de produtos caracter\u00edsticos e diferenciados, com maior agrega\u00e7\u00e3o de valor e devidamente certificados, por empresas certificadoras independentes de terceira parte, acreditadas pelo Inmetro.<\/p>\n<p>O apoio \u00e0 produ\u00e7\u00e3o de Carne Sustent\u00e1vel no Pantanal ser\u00e1 inserido no contexto do Programa de Avan\u00e7os na Pecu\u00e1ria de Mato Grosso do Sul (Proape), institu\u00eddo pelo decreto n\u00ba 11.176, de 11 de abril de 2003, na parte relativa \u00e0 bovinocultura. Al\u00e9m da Semagro, integram a iniciativa a Secretaria de Estado de Fazenda (Sefaz); a Famasul e Associa\u00e7\u00e3o Brasileira de Pecu\u00e1ria Org\u00e2nica (ABPO).<\/p>\n","protected":false},"excerpt":{"rendered":"<p>O incentivo \u00e0 ado\u00e7\u00e3o de pr\u00e1ticas sustent\u00e1veis que promovam a redu\u00e7\u00e3o das emiss\u00f5es de carbono&#8230;<\/p>\n","protected":false},"author":1,"featured_media":14200,"comment_status":"closed","ping_status":"closed","sticky":false,"template":"","format":"standard","meta":{"footnotes":""},"categories":[2,9,17],"tags":[],"class_list":["post-14199","post","type-post","status-publish","format-standard","has-post-thumbnail","hentry","category-agropecuaria","category-economia","category-meio-ambiente"],"_links":{"self":[{"href":"https:\/\/www.corumbaonline.com.br\/news\/wp-json\/wp\/v2\/posts\/14199","targetHints":{"allow":["GET"]}}],"collection":[{"href":"https:\/\/www.corumbaonline.com.br\/news\/wp-json\/wp\/v2\/posts"}],"about":[{"href":"https:\/\/www.corumbaonline.com.br\/news\/wp-json\/wp\/v2\/types\/post"}],"author":[{"embeddable":true,"href":"https:\/\/www.corumbaonline.com.br\/news\/wp-json\/wp\/v2\/users\/1"}],"replies":[{"embeddable":true,"href":"https:\/\/www.corumbaonline.com.br\/news\/wp-json\/wp\/v2\/comments?post=14199"}],"version-history":[{"count":1,"href":"https:\/\/www.corumbaonline.com.br\/news\/wp-json\/wp\/v2\/posts\/14199\/revisions"}],"predecessor-version":[{"id":14201,"href":"https:\/\/www.corumbaonline.com.br\/news\/wp-json\/wp\/v2\/posts\/14199\/revisions\/14201"}],"wp:featuredmedia":[{"embeddable":true,"href":"https:\/\/www.corumbaonline.com.br\/news\/wp-json\/wp\/v2\/media\/14200"}],"wp:attachment":[{"href":"https:\/\/www.corumbaonline.com.br\/news\/wp-json\/wp\/v2\/media?parent=14199"}],"wp:term":[{"taxonomy":"category","embeddable":true,"href":"https:\/\/www.corumbaonline.com.br\/news\/wp-json\/wp\/v2\/categories?post=14199"},{"taxonomy":"post_tag","embeddable":true,"href":"https:\/\/www.corumbaonline.com.br\/news\/wp-json\/wp\/v2\/tags?post=14199"}],"curies":[{"name":"wp","href":"https:\/\/api.w.org\/{rel}","templated":true}]}}