{"id":14722,"date":"2018-03-08T10:58:35","date_gmt":"2018-03-08T14:58:35","guid":{"rendered":"http:\/\/www.corumbaonline.com.br\/news\/?p=14722"},"modified":"2018-03-15T14:04:55","modified_gmt":"2018-03-15T18:04:55","slug":"estamos-crescendo-na-qualidade-da-carne-afirma-reinaldo-azambuja-ao-inaugurar-centro-de-bovinocultura-de-corte","status":"publish","type":"post","link":"https:\/\/www.corumbaonline.com.br\/news\/estamos-crescendo-na-qualidade-da-carne-afirma-reinaldo-azambuja-ao-inaugurar-centro-de-bovinocultura-de-corte\/","title":{"rendered":"\u201cEstamos crescendo na qualidade da carne\u201d, afirma Reinaldo Azambuja ao inaugurar Centro de Bovinocultura de Corte"},"content":{"rendered":"<p>Ao se reunir com produtores rurais e lideran\u00e7as do agroneg\u00f3cio para inaugurar o Centro de Excel\u00eancia em Bovinocultura de Corte, o governador Reinaldo Azambuja afirmou que Mato Grosso do Sul \u00e9 destaque no mercado consumidor de carne. \u201cSomos o quarto rebanho do Pa\u00eds, mas\u00a0 somos o segundo em volume de oferta tanto para o mercado interno quanto para o externo porque nossa carne tem qualidade. Estamos crescendo\u201d, destacou. Reinaldo Azambuja inaugurou, na noite desta quarta-feira (7.3), o centro educacional profissional que formar\u00e1 t\u00e9cnicos para o trabalho com cria\u00e7\u00e3o e cuidados de bovinos.<\/p>\n<p>Com voca\u00e7\u00e3o para pecu\u00e1ria, MS tem se tornado refer\u00eancia em produ\u00e7\u00e3o de carne. Por isso, a CNA (Confedera\u00e7\u00e3o Nacional da Agricultura e Pecu\u00e1ria) e o Senar (Servi\u00e7o Nacional de Aprendizagem Rural) decidiram construir aqui o segundo Centro de Excel\u00eancia do Pa\u00eds \u2013 o primeiro, de Fruticultura, foi constru\u00eddo na Bahia. \u201cO Centro-Oeste do Brasil tem 34% do rebanho nacional, da mais alta qualidade. E um Centro de Excel\u00eancia aqui em Mato Grosso do Sul far\u00e1 com que nossa agropecu\u00e1ria seja mais competitiva e uma das mais modernas do mundo\u201d, explicou o presidente da CNA, Jo\u00e3o Martins da Silva J\u00fanior.<\/p>\n<p>Para o governador, o Centro e Excel\u00eancia de Bovinocultura de Corte em MS dar\u00e1 mais oportunidades de qualifica\u00e7\u00e3o de m\u00e3o de obra e de desenvolvimento da agropecu\u00e1ria, atividade que contribui para a sustenta\u00e7\u00e3o das economias do Estado e do Pa\u00eds. \u201cFoi divulgado o PIB recentemente: o Brasil teve crescimento positivo de 1%, com a contribui\u00e7\u00e3o de 13% da agropecu\u00e1ria. Ou seja, 75% do crescimento do Pa\u00eds adv\u00e9m da agropecu\u00e1ria\u201d, lembrou. \u201cEnt\u00e3o, o Centro de Excel\u00eancia, que \u00e9 um laborat\u00f3rio de forma\u00e7\u00e3o e qualifica\u00e7\u00e3o de pessoas, vai dar cada vez mais produtividade, competitividade e desenvolvimento das cadeias produtivas que s\u00e3o essenciais para o crescimento do nosso Estado e do nosso Pa\u00eds\u201d, defendeu.<\/p>\n<p>Tamb\u00e9m participaram da cerim\u00f4nia de inaugura\u00e7\u00e3o da unidade educacional os secret\u00e1rios de Meio Ambiente, Desenvolvimento Econ\u00f4mico, Produ\u00e7\u00e3o e Agricultura Familiar, Jaime Verruck, e de Governo e Gest\u00e3o Estrat\u00e9gica, Eduardo Riedel; o presidente da Famasul (Federa\u00e7\u00e3o da Agricultura e Pecu\u00e1ria de Mato Grosso do Sul), Maur\u00edcio Saito; o presidente da Fiems (Federa\u00e7\u00e3o das Ind\u00fastrias de Mato Grosso do Sul), S\u00e9rgio Longen; o chefe geral interino da Embrapa Gado de Corte, Ronney Mamede; e demais autoridades municipais, estaduais e nacionais ligadas \u00e0 agropecu\u00e1ria.<\/p>\n<p><img loading=\"lazy\" decoding=\"async\" class=\"aligncenter size-full wp-image-201184\" src=\"http:\/\/www.ms.gov.br\/wp-content\/uploads\/sites\/150\/2018\/03\/Centro-de-Bovinocultura-1.jpg\" sizes=\"auto, (max-width: 2000px) 100vw, 2000px\" srcset=\"http:\/\/www.ms.gov.br\/wp-content\/uploads\/sites\/150\/2018\/03\/Centro-de-Bovinocultura-1.jpg 2000w, http:\/\/www.ms.gov.br\/wp-content\/uploads\/sites\/150\/2018\/03\/Centro-de-Bovinocultura-1-300x177.jpg 300w, http:\/\/www.ms.gov.br\/wp-content\/uploads\/sites\/150\/2018\/03\/Centro-de-Bovinocultura-1-768x453.jpg 768w, http:\/\/www.ms.gov.br\/wp-content\/uploads\/sites\/150\/2018\/03\/Centro-de-Bovinocultura-1-1024x604.jpg 1024w\" alt=\"\" width=\"2000\" height=\"1180\" \/><\/p>\n<p><strong>Centro de Excel\u00eancia em Bovinocultura de Corte<\/strong><\/p>\n<p>O Centro de Excel\u00eancia em Bovinocultura de Corte foi instalado na sede da Embrapa Gado de Corte, em Campo Grande, por meio de parceria entre a CNA, Famasul e Embrapa. A unidade tem como objetivo oferecer educa\u00e7\u00e3o profissional, na modalidade presencial e a dist\u00e2ncia, para forma\u00e7\u00e3o de t\u00e9cnicos. Com aproximadamente 3,2 mil metros quadrados, o espa\u00e7o foi dotado de sete blocos e uma configura\u00e7\u00e3o modular moderna, com laborat\u00f3rios did\u00e1ticos e de inform\u00e1tica, \u00e1rea de conviv\u00eancia e outros departamentos.<\/p>\n<p>Com infraestrutura moderna, a unidade de educa\u00e7\u00e3o profissional e tecnol\u00f3gica vai disseminar conhecimento, inova\u00e7\u00e3o e incentivar a pesquisa para o desenvolvimento da cadeia produtiva de bovinocultura de corte, que hoje tem processos com elevado n\u00edvel de sofistica\u00e7\u00e3o e requer profissionais cada vez mais capacitados. Pessoas de todos os estados que queiram investir numa carreira no setor v\u00e3o poder estudar, gratuitamente, no Centro de Excel\u00eancia em Campo Grande.<\/p>\n<p>A unidade de educa\u00e7\u00e3o vai oferecer curso T\u00e9cnico em Agropecu\u00e1ria com a especializa\u00e7\u00e3o t\u00e9cnica em Bovinocultura de Corte, com carga hor\u00e1ria total de 1.760 horas. O especialista t\u00e9cnico em Bovinocultura de Corte ser\u00e1 capaz de atuar em propriedades rurais, empresas de consultoria, agroind\u00fastrias, institui\u00e7\u00f5es de assist\u00eancia t\u00e9cnica, extens\u00e3o rural e pesquisa, comercializa\u00e7\u00e3o de equipamentos e produtos agr\u00edcolas, cooperativas, associa\u00e7\u00f5es rurais, entre outros.<\/p>\n","protected":false},"excerpt":{"rendered":"<p>Ao se reunir com produtores rurais e lideran\u00e7as do agroneg\u00f3cio para inaugurar o Centro de&#8230;<\/p>\n","protected":false},"author":1,"featured_media":14724,"comment_status":"closed","ping_status":"closed","sticky":false,"template":"","format":"standard","meta":{"footnotes":""},"categories":[2,8],"tags":[],"class_list":["post-14722","post","type-post","status-publish","format-standard","has-post-thumbnail","hentry","category-agropecuaria","category-destaque"],"_links":{"self":[{"href":"https:\/\/www.corumbaonline.com.br\/news\/wp-json\/wp\/v2\/posts\/14722","targetHints":{"allow":["GET"]}}],"collection":[{"href":"https:\/\/www.corumbaonline.com.br\/news\/wp-json\/wp\/v2\/posts"}],"about":[{"href":"https:\/\/www.corumbaonline.com.br\/news\/wp-json\/wp\/v2\/types\/post"}],"author":[{"embeddable":true,"href":"https:\/\/www.corumbaonline.com.br\/news\/wp-json\/wp\/v2\/users\/1"}],"replies":[{"embeddable":true,"href":"https:\/\/www.corumbaonline.com.br\/news\/wp-json\/wp\/v2\/comments?post=14722"}],"version-history":[{"count":1,"href":"https:\/\/www.corumbaonline.com.br\/news\/wp-json\/wp\/v2\/posts\/14722\/revisions"}],"predecessor-version":[{"id":14725,"href":"https:\/\/www.corumbaonline.com.br\/news\/wp-json\/wp\/v2\/posts\/14722\/revisions\/14725"}],"wp:featuredmedia":[{"embeddable":true,"href":"https:\/\/www.corumbaonline.com.br\/news\/wp-json\/wp\/v2\/media\/14724"}],"wp:attachment":[{"href":"https:\/\/www.corumbaonline.com.br\/news\/wp-json\/wp\/v2\/media?parent=14722"}],"wp:term":[{"taxonomy":"category","embeddable":true,"href":"https:\/\/www.corumbaonline.com.br\/news\/wp-json\/wp\/v2\/categories?post=14722"},{"taxonomy":"post_tag","embeddable":true,"href":"https:\/\/www.corumbaonline.com.br\/news\/wp-json\/wp\/v2\/tags?post=14722"}],"curies":[{"name":"wp","href":"https:\/\/api.w.org\/{rel}","templated":true}]}}