{"id":15557,"date":"2018-03-28T14:20:17","date_gmt":"2018-03-28T18:20:17","guid":{"rendered":"http:\/\/www.corumbaonline.com.br\/news\/?p=15557"},"modified":"2018-03-28T12:33:25","modified_gmt":"2018-03-28T16:33:25","slug":"sesc-encena-tem-espetaculo-de-mamulengo-e-oficinas-teatrais-no-sesc-corumba","status":"publish","type":"post","link":"https:\/\/www.corumbaonline.com.br\/news\/sesc-encena-tem-espetaculo-de-mamulengo-e-oficinas-teatrais-no-sesc-corumba\/","title":{"rendered":"Sesc Encena tem espet\u00e1culo de mamulengo e oficinas teatrais no Sesc Corumb\u00e1"},"content":{"rendered":"<p>De 03 a 07 de abril o Sesc Encena leva ao Sesc Corumb\u00e1 um circuito de a\u00e7\u00f5es voltadas \u00e0s artes c\u00eanicas, ministradas pelo Grupo TIA, de Canoas (RS). As apresenta\u00e7\u00f5es ser\u00e3o gratuitas e para participar das oficinas ser\u00e1 necess\u00e1rio levar um kit de higiene pessoal \u00a0(02 sabonetes, 01 unidade\/bisnaga creme dental e 01 escova de dente), que ser\u00e1 revertido ao programa Mesa Brasil Sesc.<\/p>\n<p>No dia 03 de abril, ter\u00e7a-feira, \u00e0s 19h30, ser\u00e1 exibido o filme: \u201cPeriferia em Movimento\u201d, seguido de debate com os atores do Grupo TIA. Dia 04, das 14h \u00e0s 18 horas, a oficina \u201cTeatro Livre Para Crian\u00e7as\u201d, voltada \u00e0s crian\u00e7as que tenham entre 08 e 12 anos. Trata-se de uma combina\u00e7\u00e3o equilibrada de trabalho em grupo, desenvolvido num clima de jogo e liberdade, com muitas brincadeiras, jogos teatrais, t\u00e9cnicas musicais e vocais conta\u00e7\u00e3o de hist\u00f3rias, estimulando a criatividade e a capacidade expressiva das crian\u00e7as.<\/p>\n<p>Das 17h \u00e0s 22 horas a oficina \u201cA Po\u00e9tica do Teatro de Rua\u201d, agora para adultos \u2013 \u00e9 preciso ter pelo menos 16 anos para participar. A proposta \u00e9 explorar a criatividade, ampliar a capacidade expressiva possibilitando ao indiv\u00edduo descobrir seus potenciais e alcan\u00e7ar uma melhor compreens\u00e3o de si mesmo com um reflexo transformador no meio onde vive. O Grupo vai aplicar exerc\u00edcios e m\u00e9todos usados na constru\u00e7\u00e3o do espet\u00e1culo Poesia em Movimento e na experi\u00eancia cenopo\u00e9tica.<\/p>\n<p>No terceiro dia de Sesc Encena, quinta-feira, 05, cortejo do Espet\u00e1culo: \u201cPoesia em Movimento \u2013 Uma Experi\u00eancia Cenopo\u00e9tica\u201d sai \u00e0s 17h da Escola \u00c2ngela Maria Peres.\u00a0 Uma livre adapta\u00e7\u00e3o dos poemas de Bertold Brecht e Ray Lima trilha a linha da cenopoesia, nascendo da necessidade que a pr\u00f3pria arte contempor\u00e2nea tem em dialogar e interagir com a intelig\u00eancia e respeito com o outro e com as mais diversas formas de linguagens. Cinco atores andam pela rua anunciando a sua chegada e apresentando cenas que dialogam com a arquitetura local e transitam entra a realidade e o extraordin\u00e1rio, causando uma sensa\u00e7\u00e3o de surpresa e quebra de rotina aos transeuntes do local. A pe\u00e7a, em 2011 ganhou o Pr\u00eamio Mais Cultura Territ\u00f3rio de Paz\/Minist\u00e9rio da Cultura, em 2012 o PIC &#8211; Programa de Incentivo a Cultura de Canoas e em 2017 o Pr\u00eamio Empreendedor Cultural \u2013 3\u00aa Edi\u00e7\u00e3o da RGE Sul.<\/p>\n<p>Sexta-feira, 06, \u00e0s 18 horas ser\u00e1 apresentado no Sesc Corumb\u00e1 o espet\u00e1culo de mamulengo: \u201cAs Gineteadas do Valente Toninho Corre Mundo na Est\u00e2ncia de Cid\u00e3o Dornelles\u201d, contando as perip\u00e9cias do aventureiro gaud\u00e9rio Toninho Corre Mundo, que certo dia inventou de se espraiar pro sul do sul e se aprumar num emprego de ginete domador de cavalo xucro.<\/p>\n<p>E encerrando o circuito de a\u00e7\u00f5es, teatro para a crian\u00e7ada no s\u00e1bado, 07, \u00e0s 18 horas, no Sesc Corumb\u00e1. O espet\u00e1culo: \u201cJo\u00e3o Jil\u00f3\u201d \u00e9 uma forma divertida de desenvolver a conscientiza\u00e7\u00e3o ambiental, que \u00e9 abordada utilizando uma linguagem diversificada: atores, bonecos de luva e vara, pain\u00e9is de imagem e m\u00fasica ao vivo. Jo\u00e3o Jil\u00f3 \u00e9 um personagem que tem uma rela\u00e7\u00e3o \u201cpoliticamente incorreta\u201d com a natureza. Certo dia resolve sair para ca\u00e7ar passarinhos. Nesta busca incessante percorre um caminho de diversos obst\u00e1culos at\u00e9 que encontra um passarinho encantado que vai ensinar-lhe uma li\u00e7\u00e3o. Atrav\u00e9s de gargalhadas e interatividade os personagens se comunicam com a plateia. Durante o espet\u00e1culo as crian\u00e7as s\u00e3o incentivas a expressar suas opini\u00f5es. No final da trama, um momento de reflex\u00e3o: todos s\u00e3o convidados a criar um mundo sustent\u00e1vel.<\/p>\n","protected":false},"excerpt":{"rendered":"<p>De 03 a 07 de abril o Sesc Encena leva ao Sesc Corumb\u00e1 um circuito&#8230;<\/p>\n","protected":false},"author":1,"featured_media":0,"comment_status":"closed","ping_status":"closed","sticky":false,"template":"","format":"standard","meta":{"footnotes":""},"categories":[7],"tags":[],"class_list":["post-15557","post","type-post","status-publish","format-standard","hentry","category-cultura"],"_links":{"self":[{"href":"https:\/\/www.corumbaonline.com.br\/news\/wp-json\/wp\/v2\/posts\/15557","targetHints":{"allow":["GET"]}}],"collection":[{"href":"https:\/\/www.corumbaonline.com.br\/news\/wp-json\/wp\/v2\/posts"}],"about":[{"href":"https:\/\/www.corumbaonline.com.br\/news\/wp-json\/wp\/v2\/types\/post"}],"author":[{"embeddable":true,"href":"https:\/\/www.corumbaonline.com.br\/news\/wp-json\/wp\/v2\/users\/1"}],"replies":[{"embeddable":true,"href":"https:\/\/www.corumbaonline.com.br\/news\/wp-json\/wp\/v2\/comments?post=15557"}],"version-history":[{"count":1,"href":"https:\/\/www.corumbaonline.com.br\/news\/wp-json\/wp\/v2\/posts\/15557\/revisions"}],"predecessor-version":[{"id":15558,"href":"https:\/\/www.corumbaonline.com.br\/news\/wp-json\/wp\/v2\/posts\/15557\/revisions\/15558"}],"wp:attachment":[{"href":"https:\/\/www.corumbaonline.com.br\/news\/wp-json\/wp\/v2\/media?parent=15557"}],"wp:term":[{"taxonomy":"category","embeddable":true,"href":"https:\/\/www.corumbaonline.com.br\/news\/wp-json\/wp\/v2\/categories?post=15557"},{"taxonomy":"post_tag","embeddable":true,"href":"https:\/\/www.corumbaonline.com.br\/news\/wp-json\/wp\/v2\/tags?post=15557"}],"curies":[{"name":"wp","href":"https:\/\/api.w.org\/{rel}","templated":true}]}}