{"id":15590,"date":"2018-03-29T10:25:40","date_gmt":"2018-03-29T14:25:40","guid":{"rendered":"http:\/\/www.corumbaonline.com.br\/news\/?p=15590"},"modified":"2018-03-29T10:30:48","modified_gmt":"2018-03-29T14:30:48","slug":"pf-prende-em-sao-paulo-em-carater-temporario-o-advogado-jose-yunes","status":"publish","type":"post","link":"https:\/\/www.corumbaonline.com.br\/news\/pf-prende-em-sao-paulo-em-carater-temporario-o-advogado-jose-yunes\/","title":{"rendered":"PF prende em S\u00e3o Paulo, em car\u00e1ter tempor\u00e1rio, o advogado Jos\u00e9 Yunes"},"content":{"rendered":"<p>A Pol\u00edcia Federal (PF) prendeu na manh\u00e3 de hoje (29) em S\u00e3o Paulo, em car\u00e1ter tempor\u00e1rio, o advogado Jos\u00e9 Yunes, ex-assessor do presidente MIchel Temer. Por determina\u00e7\u00e3o do Supremo Tribunal Federal (STF), a PF restringiu a divulga\u00e7\u00e3o de informa\u00e7\u00f5es a respeito da opera\u00e7\u00e3o.<\/p>\n<p>Em nota, o advogado de Yunes, Jos\u00e9 Luis Oliveira Lima, classificou a pris\u00e3o de seu cliente como \u201cinaceit\u00e1vel\u201d. Segundo Lima, Yunes vinha colaborando com as investiga\u00e7\u00f5es sobre a suspeita de que agentes p\u00fablicos beneficiaram empresas do setor portu\u00e1rio com a publica\u00e7\u00e3o de uma medida provis\u00f3ria.<\/p>\n<p>\u201c\u00c9 inaceit\u00e1vel a pris\u00e3o de um advogado com mais de 50 anos de advocacia, que sempre que intimado ou mesmo espontaneamente compareceu a todos os atos para colaborar. Essa pris\u00e3o ilegal \u00e9 uma viol\u00eancia contra Jos\u00e9 Yunes e contra a cidadania\u201d, afirma o advogado na nota.<\/p>\n<p>De acordo com o Minist\u00e9rio P\u00fablico Federal (MPF), v\u00e1rios mandados de pris\u00e3o tempor\u00e1ria e de busca e apreens\u00e3o est\u00e3o sendo cumpridos pela PF, a pedido da procuradora-geral da Rep\u00fablica, Raquel Dodge.<\/p>\n<p>As medidas foram determinadas pelo ministro Luis Roberto Barroso, relator do chamado Inqu\u00e9rito dos Portos, no STF. Como se tratam de cautelares que ainda est\u00e3o em cumprimento pela PF, para embasar investiga\u00e7\u00f5es em curso, o MPF n\u00e3o divulgar\u00e1, por enquanto, os nomes dos alvos dos mandados.<\/p>\n","protected":false},"excerpt":{"rendered":"<p>A Pol\u00edcia Federal (PF) prendeu na manh\u00e3 de hoje (29) em S\u00e3o Paulo, em car\u00e1ter&#8230;<\/p>\n","protected":false},"author":1,"featured_media":0,"comment_status":"closed","ping_status":"closed","sticky":false,"template":"","format":"standard","meta":{"footnotes":""},"categories":[18],"tags":[],"class_list":["post-15590","post","type-post","status-publish","format-standard","hentry","category-seguranca"],"_links":{"self":[{"href":"https:\/\/www.corumbaonline.com.br\/news\/wp-json\/wp\/v2\/posts\/15590","targetHints":{"allow":["GET"]}}],"collection":[{"href":"https:\/\/www.corumbaonline.com.br\/news\/wp-json\/wp\/v2\/posts"}],"about":[{"href":"https:\/\/www.corumbaonline.com.br\/news\/wp-json\/wp\/v2\/types\/post"}],"author":[{"embeddable":true,"href":"https:\/\/www.corumbaonline.com.br\/news\/wp-json\/wp\/v2\/users\/1"}],"replies":[{"embeddable":true,"href":"https:\/\/www.corumbaonline.com.br\/news\/wp-json\/wp\/v2\/comments?post=15590"}],"version-history":[{"count":1,"href":"https:\/\/www.corumbaonline.com.br\/news\/wp-json\/wp\/v2\/posts\/15590\/revisions"}],"predecessor-version":[{"id":15591,"href":"https:\/\/www.corumbaonline.com.br\/news\/wp-json\/wp\/v2\/posts\/15590\/revisions\/15591"}],"wp:attachment":[{"href":"https:\/\/www.corumbaonline.com.br\/news\/wp-json\/wp\/v2\/media?parent=15590"}],"wp:term":[{"taxonomy":"category","embeddable":true,"href":"https:\/\/www.corumbaonline.com.br\/news\/wp-json\/wp\/v2\/categories?post=15590"},{"taxonomy":"post_tag","embeddable":true,"href":"https:\/\/www.corumbaonline.com.br\/news\/wp-json\/wp\/v2\/tags?post=15590"}],"curies":[{"name":"wp","href":"https:\/\/api.w.org\/{rel}","templated":true}]}}