{"id":15606,"date":"2018-03-29T11:46:14","date_gmt":"2018-03-29T15:46:14","guid":{"rendered":"http:\/\/www.corumbaonline.com.br\/news\/?p=15606"},"modified":"2018-03-29T11:29:42","modified_gmt":"2018-03-29T15:29:42","slug":"nova-diretoria-do-imnegra-e-empossada-durante-solenidade-em-corumba","status":"publish","type":"post","link":"https:\/\/www.corumbaonline.com.br\/news\/nova-diretoria-do-imnegra-e-empossada-durante-solenidade-em-corumba\/","title":{"rendered":"Nova diretoria do Imnegra \u00e9 empossada durante solenidade em Corumb\u00e1"},"content":{"rendered":"<p>Solenidade na noite de ontem, quarta-feira (28) marcou a posse da nova diretoria do Instituto da Mulher Negra do Pantanal (Imnegra), institui\u00e7\u00e3o constitu\u00edda por mulheres, em especial a mulher negra do Munic\u00edpio de Corumb\u00e1 e regi\u00e3o o Pantanal, fundada em 31 de agosto de 2006.<\/p>\n<p>A nova diretoria ter\u00e1 um mandato de quatro anos e \u00e9 presidida por Ednir de Paulo, fundadora do Instituto e que est\u00e1 12 anos \u00e0 frente da organiza\u00e7\u00e3o.<\/p>\n<p>A solenidade aconteceu na sede do pr\u00f3prio Inntituto e contou com as presen\u00e7as dos vereadores Evander Vendramini, presidente do Poder Legislativo, e Crist\u00f3v\u00e3o Contador; da primeira dama do Munic\u00edpio, Amanda Balancieri Iunes; o diretor-presidente da Funda\u00e7\u00e3o de Cultura e Patrim\u00f4nio Hist\u00f3rico, Joilson Cruz, entre outras autoridades.<\/p>\n<p>A nova diretoria foi empossada logo ap\u00f3s ser eleigta por aclama\u00e7\u00e3o e est\u00e1 composta por Edinir de Paulo, presidente; Carol Lee Lemos Dutra, vice-presidente; Cleuza Elizabeth da Mara, secret\u00e1ria geral; Patr\u00edcia Oliveira Acioli Amaral, primeira secret\u00e1ria; Laura Helena Midon Fonseca, diretora de finan\u00e7as; Erika de Paulo barbosa, primeira tesoureira.<\/p>\n<p>O Conselho Fiscal ficou composto por Vera Lucia de Almeira, Maria Ramona de Paula e Silva e Rachel Roberta de Vasconcelos Ramires (titulares), al\u00e9m das suplentes Cec\u00edlia Monteiro dos Santos, Marcia Gon\u00e7alves de Oliveira e Fabiane Gon\u00e7alves da Silva.<\/p>\n<p>Foram empossadas ainda Miriam Elizabeth Lemos Dutra, rela\u00e7\u00f5es institucionais; Maria Eulina Rocha dos Santos, no departamento de educa\u00e7\u00e3o; Marcela fardin Montenegro, na sa\u00fade; Elisama de Freitas Cabalhero, na assist\u00eancia \u00e0s comunidades tradicionais; Edmilsa de Paulo Barbosa, esportes; Glaucia Roque Diniz, social, e Carlos Eduardo de Paulo Oliveira, no departamento de tecnologia da informa\u00e7\u00e3o.<\/p>\n<p>Parceria<\/p>\n<p>Durante o ato, Evander Vendramini afirmou que a C\u00e2mara continuar\u00e1 sendo parceira do Imnegra nas a\u00e7\u00f5es em defesa da mulher, bem como, com o resgate, valoriza\u00e7\u00e3o e preserva\u00e7\u00e3o da hist\u00f3ria e cultura afro-brasileira e africana. Amanda Iunes tamb\u00e9m afirmou que a Prefeitura est\u00e1 de portas abertas ao Instituto.<\/p>\n<p>Ednir de Paulo fez um relato das a\u00e7\u00f5es do Imnegra nos quase 12 anos de exist\u00eancia, destacando as conquistas e que o Instituto continur\u00e1 trabalhando visando a elabora\u00e7\u00e3o e sugerindo \u201cpol\u00edticas, inclusive de a\u00e7\u00e3o afirmativa, executando trabalhos, estabelecendo estrat\u00e9gias, para proporcionar \u00e0s mulheres negras e mulheres de quaisquer etnias vitimadas por discrimina\u00e7\u00e3o injusta, uma maior autoestima e desenvolvimento socioecon\u00f4mico, educacional e cultural\u201d.<\/p>\n<p>A presidente lembrou que o Instituto surgiu tamb\u00e9m para promover, juntamente com as comunidades negras rurais quilombolas do Estado, a defesa da titula\u00e7\u00e3o dos territ\u00f3rios dos remanescentes das comunidades dos quilombos, conforme prev\u00ea o art. 68 do Ato das Disposi\u00e7\u00f5es Constitucionais e Transit\u00f3rias da Constitui\u00e7\u00e3o Federal de 1988, que j\u00e1 avan\u00e7ou bastante em Corumb\u00e1 com o reconhecimento de tr\u00eas Comunidades Quilombolas, a Campos Correia, Oz\u00f3rio e Maria Ten\u00f3rio, e buca agora a oficializa\u00e7\u00e3o de mais uma, na regi\u00e3o ribeirinha.<\/p>\n","protected":false},"excerpt":{"rendered":"<p>Solenidade na noite de ontem, quarta-feira (28) marcou a posse da nova diretoria do Instituto&#8230;<\/p>\n","protected":false},"author":1,"featured_media":15607,"comment_status":"closed","ping_status":"closed","sticky":false,"template":"","format":"standard","meta":{"footnotes":""},"categories":[14],"tags":[],"class_list":["post-15606","post","type-post","status-publish","format-standard","has-post-thumbnail","hentry","category-geral"],"_links":{"self":[{"href":"https:\/\/www.corumbaonline.com.br\/news\/wp-json\/wp\/v2\/posts\/15606","targetHints":{"allow":["GET"]}}],"collection":[{"href":"https:\/\/www.corumbaonline.com.br\/news\/wp-json\/wp\/v2\/posts"}],"about":[{"href":"https:\/\/www.corumbaonline.com.br\/news\/wp-json\/wp\/v2\/types\/post"}],"author":[{"embeddable":true,"href":"https:\/\/www.corumbaonline.com.br\/news\/wp-json\/wp\/v2\/users\/1"}],"replies":[{"embeddable":true,"href":"https:\/\/www.corumbaonline.com.br\/news\/wp-json\/wp\/v2\/comments?post=15606"}],"version-history":[{"count":1,"href":"https:\/\/www.corumbaonline.com.br\/news\/wp-json\/wp\/v2\/posts\/15606\/revisions"}],"predecessor-version":[{"id":15608,"href":"https:\/\/www.corumbaonline.com.br\/news\/wp-json\/wp\/v2\/posts\/15606\/revisions\/15608"}],"wp:featuredmedia":[{"embeddable":true,"href":"https:\/\/www.corumbaonline.com.br\/news\/wp-json\/wp\/v2\/media\/15607"}],"wp:attachment":[{"href":"https:\/\/www.corumbaonline.com.br\/news\/wp-json\/wp\/v2\/media?parent=15606"}],"wp:term":[{"taxonomy":"category","embeddable":true,"href":"https:\/\/www.corumbaonline.com.br\/news\/wp-json\/wp\/v2\/categories?post=15606"},{"taxonomy":"post_tag","embeddable":true,"href":"https:\/\/www.corumbaonline.com.br\/news\/wp-json\/wp\/v2\/tags?post=15606"}],"curies":[{"name":"wp","href":"https:\/\/api.w.org\/{rel}","templated":true}]}}