{"id":15619,"date":"2018-03-29T16:10:54","date_gmt":"2018-03-29T20:10:54","guid":{"rendered":"http:\/\/www.corumbaonline.com.br\/news\/?p=15619"},"modified":"2018-03-30T10:49:56","modified_gmt":"2018-03-30T14:49:56","slug":"vale-abre-inscricoes-para-o-comunidade-participativa-programa-que-ja-destinou-r-23-mi-a-quase-200-projetos-no-ms","status":"publish","type":"post","link":"https:\/\/www.corumbaonline.com.br\/news\/vale-abre-inscricoes-para-o-comunidade-participativa-programa-que-ja-destinou-r-23-mi-a-quase-200-projetos-no-ms\/","title":{"rendered":"Vale abre inscri\u00e7\u00f5es para o Comunidade Participativa, programa que j\u00e1 destinou R$ 2,3 mi a quase 200 projetos no MS"},"content":{"rendered":"<p>H\u00e1 12 anos a Vale criou o Programa Comunidade Participativa (PCP) com o objetivo de apoiar institui\u00e7\u00f5es de Corumb\u00e1 e Lad\u00e1rio que t\u00eam foco em gera\u00e7\u00e3o de trabalho e renda, promo\u00e7\u00e3o e prote\u00e7\u00e3o social e capacita\u00e7\u00e3o profissional. A empresa j\u00e1 investiu R$ 2,3 milh\u00f5es em quase 200 projetos, o que beneficiou mais de 20 mil pessoas desde a implanta\u00e7\u00e3o do Programa.<\/p>\n<p>Os interessados em participar desta edi\u00e7\u00e3o dever\u00e3o comparecer ao Sindicato Rural de Corumb\u00e1 no dia 3 de abril, ter\u00e7a-feira, \u00e0s 14 horas, para a apresenta\u00e7\u00e3o geral do programa e esclarecimento de eventuais d\u00favidas sobre o regulamento. O sindicato fica na Avenida General Rondon, n\u00famero 1.033. As inscri\u00e7\u00f5es ficar\u00e3o abertas entre 9 e 27 de abril. A apresenta\u00e7\u00e3o dos projetos selecionados est\u00e1 prevista para junho.<\/p>\n<p>&#8220;Com o Programa Comunidade Participativa, a Vale tem contribu\u00eddo para o desenvolvimento local e para a constru\u00e7\u00e3o de um legado sustent\u00e1vel no Mato Grosso do Sul, ajudando a mudar a vida de muitas pessoas, sobretudo nos munic\u00edpios de Corumb\u00e1 e Lad\u00e1rio. E o melhor \u00e9 que a escolha das propostas \u00e9 feita pela pr\u00f3pria comunidade, ajudando assim a abrir novas perspectivas de vida e a promover a cidadania&#8221;, conta o gerente executivo de opera\u00e7\u00f5es Centro-Oeste, Ant\u00f4nio S\u00e9rgio.<\/p>\n<p>Para Ednir de Paulo, presidente do Instituto da Mulher Negra do Pantanal (IMNEGRA), uma das institui\u00e7\u00f5es beneficiadas em edi\u00e7\u00f5es passadas, &#8220;o PCP da Vale \u00e9 fundamental para a transforma\u00e7\u00e3o social de nossa regi\u00e3o, promovendo mudan\u00e7as de perspectivas e oportunidades de desenvolvimento a cidad\u00e3os em situa\u00e7\u00e3o de vulnerabilidade&#8221;.<\/p>\n<p>Podem participar institui\u00e7\u00f5es sem fins lucrativos que desenvolvam projetos sociais, tais como: associa\u00e7\u00f5es comunit\u00e1rias (de bairro, religiosas, recreativas, filantr\u00f3picas), funda\u00e7\u00f5es, cooperativas, organiza\u00e7\u00f5es da sociedade civil de interesse p\u00fablico (OSCIPs) e organiza\u00e7\u00f5es sociais. As institui\u00e7\u00f5es devem ser constitu\u00eddas, possuindo estatuto social, diretoria eleita, CNPJ e conta corrente de pessoa jur\u00eddica.<\/p>\n<p>As iniciativas sociais inscritas dever\u00e3o influenciar favoravelmente na qualidade de vida de seu p\u00fablico-alvo por meio de a\u00e7\u00f5es relacionadas a, pelo menos, uma das seguintes categorias:<\/p>\n<p><strong>Gera\u00e7\u00e3o de Trabalho e Renda:<\/strong>\u00a0iniciativas que promovam a integra\u00e7\u00e3o de indiv\u00edduos de baixa renda ao mercado de trabalho, proporcionando ganhos de renda, de autonomia e de protagonismo social.<\/p>\n<p><strong>Capacita\u00e7\u00e3o Profissional:<\/strong>\u00a0iniciativas que visem a forma\u00e7\u00e3o e qualifica\u00e7\u00e3o de indiv\u00edduos de modo a possibilitar sua inclus\u00e3o nos processos produtivos.<\/p>\n<p><strong>Promo\u00e7\u00e3o e Prote\u00e7\u00e3o Social:<\/strong>\u00a0iniciativas destinadas ao atendimento das necessidades b\u00e1sicas dos indiv\u00edduos, mais precisamente em prol da fam\u00edlia, maternidade, inf\u00e2ncia, adolesc\u00eancia e pessoas idosas, bem como a habilita\u00e7\u00e3o e reabilita\u00e7\u00e3o das pessoas com defici\u00eancia e a promo\u00e7\u00e3o de sua integra\u00e7\u00e3o \u00e0 vida comunit\u00e1ria.<\/p>\n<p>H\u00e1 12 anos a Vale criou o Programa Comunidade Participativa (PCP) com o objetivo de apoiar institui\u00e7\u00f5es de Corumb\u00e1 e Lad\u00e1rio que t\u00eam foco em gera\u00e7\u00e3o de trabalho e renda, promo\u00e7\u00e3o e prote\u00e7\u00e3o social e capacita\u00e7\u00e3o profissional. A empresa j\u00e1 investiu R$ 2,3 milh\u00f5es em quase 200 projetos, o que beneficiou mais de 20 mil pessoas desde a implanta\u00e7\u00e3o do Programa.<\/p>\n","protected":false},"excerpt":{"rendered":"<p>H\u00e1 12 anos a Vale criou o Programa Comunidade Participativa (PCP) com o objetivo de&#8230;<\/p>\n","protected":false},"author":1,"featured_media":15620,"comment_status":"closed","ping_status":"closed","sticky":false,"template":"","format":"standard","meta":{"footnotes":""},"categories":[14],"tags":[],"class_list":["post-15619","post","type-post","status-publish","format-standard","has-post-thumbnail","hentry","category-geral"],"_links":{"self":[{"href":"https:\/\/www.corumbaonline.com.br\/news\/wp-json\/wp\/v2\/posts\/15619","targetHints":{"allow":["GET"]}}],"collection":[{"href":"https:\/\/www.corumbaonline.com.br\/news\/wp-json\/wp\/v2\/posts"}],"about":[{"href":"https:\/\/www.corumbaonline.com.br\/news\/wp-json\/wp\/v2\/types\/post"}],"author":[{"embeddable":true,"href":"https:\/\/www.corumbaonline.com.br\/news\/wp-json\/wp\/v2\/users\/1"}],"replies":[{"embeddable":true,"href":"https:\/\/www.corumbaonline.com.br\/news\/wp-json\/wp\/v2\/comments?post=15619"}],"version-history":[{"count":1,"href":"https:\/\/www.corumbaonline.com.br\/news\/wp-json\/wp\/v2\/posts\/15619\/revisions"}],"predecessor-version":[{"id":15621,"href":"https:\/\/www.corumbaonline.com.br\/news\/wp-json\/wp\/v2\/posts\/15619\/revisions\/15621"}],"wp:featuredmedia":[{"embeddable":true,"href":"https:\/\/www.corumbaonline.com.br\/news\/wp-json\/wp\/v2\/media\/15620"}],"wp:attachment":[{"href":"https:\/\/www.corumbaonline.com.br\/news\/wp-json\/wp\/v2\/media?parent=15619"}],"wp:term":[{"taxonomy":"category","embeddable":true,"href":"https:\/\/www.corumbaonline.com.br\/news\/wp-json\/wp\/v2\/categories?post=15619"},{"taxonomy":"post_tag","embeddable":true,"href":"https:\/\/www.corumbaonline.com.br\/news\/wp-json\/wp\/v2\/tags?post=15619"}],"curies":[{"name":"wp","href":"https:\/\/api.w.org\/{rel}","templated":true}]}}