{"id":15630,"date":"2018-03-31T08:25:43","date_gmt":"2018-03-31T12:25:43","guid":{"rendered":"http:\/\/www.corumbaonline.com.br\/news\/?p=15630"},"modified":"2018-03-31T08:42:05","modified_gmt":"2018-03-31T12:42:05","slug":"projeto-de-lei-obriga-corpo-docente-a-fazer-cursos-de-primeiros-socorros","status":"publish","type":"post","link":"https:\/\/www.corumbaonline.com.br\/news\/projeto-de-lei-obriga-corpo-docente-a-fazer-cursos-de-primeiros-socorros\/","title":{"rendered":"Projeto de Lei obriga corpo docente a fazer cursos de primeiros socorros"},"content":{"rendered":"<p>Est\u00e1 em tramita\u00e7\u00e3o na C\u00e2mara de Vereadores de Corumb\u00e1, um Projeto de Lei do vereador Yussef Salla, que obriga todos os estabelecimentos p\u00fablicos e privados da cidade, propiciar \u00e0s pessoas que fazem parte dos corpos docentes e funcion\u00e1rios, cursos de primeiros socorros.<\/p>\n<p>O Projeto de Lei foi apresentado durante sess\u00e3o da C\u00e2mara de Corumb\u00e1 e o vereador citou que todas s pessoas envolvidas com o aprendizados das crian\u00e7as e adolescentes, precisam ter conhecimento das no\u00e7\u00f5es b\u00e1sicas de primeiros socorros, \u201cpara garantir n\u00e3o somente a aplica\u00e7\u00e3o de uma forma\u00e7\u00e3o educacional de qualidade,<\/p>\n<p>Mas tamb\u00e9m proporcionar a manuten\u00e7\u00e3o da integridade f\u00edsica e ps\u00edquica de seus tutelados e alunos\u201d.<\/p>\n<p>Yussef lembra estat\u00edsticas recentes em rela\u00e7\u00e3o a acidentes envolvendo crian\u00e7as e adolescentes. \u201cS\u00e3o apontados equivocadamente como de baixa periculosidade, mas t\u00eam levado muitos jovens a enfrentar sequelas fisiol\u00f3gicas e anat\u00f4micas irremedi\u00e1veis ou ainda, vir a sofrer o malogrado \u00f3bito\u201d.<\/p>\n<p>\u201cProfissionais de sa\u00fade afirmam que um n\u00famero expressivo desses acidentes pode ser administrado, atenuando ou anulando das suas consequ\u00eancias com uma imediata presta\u00e7\u00e3o de aux\u00edlio b\u00e1sico ao jovem ou crian\u00e7a por parte de um adulto previamente treinado em procedimentos b\u00e1sicos de primeiros socorros\u201d, continuou.<\/p>\n<p>Yussef informou que a proposta \u201c\u00e9 n\u00e3o permitir que se instale, por pura neglig\u00eancia ou descuido, um quadro severo ou letal, fruto de acidente pelo simples desconhecimento de t\u00e9cnicas simples de a\u00e7\u00e3o imediata, que podem sem a diferen\u00e7a entre a vida e a morte de um vulner\u00e1vel. At\u00e9 que o socorro especializado prestado por um m\u00e9dico, enfermeiro, bombeiro ou policial torne-se poss\u00edvel, algumas t\u00e9cnicas simples podem auxiliar na sobrevida de um jovem acidentado\u201d.<\/p>\n<p>Lembra que esses tipos de acidentes implicam no crescente aumento da mortalidade e invalidez na inf\u00e2ncia e adolesc\u00eancia e, naturalmente, uma importante fonte de preocupa\u00e7\u00e3o de pais e m\u00e3es. Os \u00edndices apontam percentuais superiores a 70% em adolescentes de 10 a 14 anos, quando se analisam as mortes decorrentes de causas externas (acidentes e viol\u00eancias). Esses acidentes ocasionam, a cada ano, no grupo com idade inferior a 14 anos, quase 6.000 mortes e mais de 140.000 admiss\u00f5es hospitalares, somente na rede p\u00fablica de sa\u00fade.<\/p>\n<p>Lembra que o Projeto de Lei apresentado visa proporcionar aos pais e m\u00e3es, um cen\u00e1rio de maior conforto emocional e seguran\u00e7a pr\u00e1tica, sobre seus filhos que est\u00e3o sob moment\u00e2neo cuidado \u2013 educacional ou recreativo &#8211; de terceiros.<\/p>\n<p>O Projeto<\/p>\n<p>O Projeto de Lei prev\u00ea que o curso ser\u00e1 de periodicidade anual e dever\u00e1 ser direcionado a todos os professores e funcion\u00e1rios das unidades de ensino e recrea\u00e7\u00e3o, sem preju\u00edzo de suas atividades ordin\u00e1rias. Dever\u00e3o ser ministrados por entidades municipais ou estaduais, especializadas em pr\u00e1ticas de aux\u00edlio imediato e emergencial \u00e0 popula\u00e7\u00e3o tais como Corpo de Bombeiros, Servi\u00e7os de Atendimento M\u00f3vel de Urg\u00eancia, Defesa Civil, For\u00e7as Policiais, Secretarias de Sa\u00fade, entre outros.<\/p>\n<p>Tem como objetivo identificar e agir preventivamente em situa\u00e7\u00f5es de emerg\u00eancias e urg\u00eancias m\u00e9dicas; intervir no socorro imediato do acidentado at\u00e9 que o suporte m\u00e9dico especializado, local ou remoto, torne-se poss\u00edvel.<\/p>\n","protected":false},"excerpt":{"rendered":"<p>Est\u00e1 em tramita\u00e7\u00e3o na C\u00e2mara de Vereadores de Corumb\u00e1, um Projeto de Lei do vereador&#8230;<\/p>\n","protected":false},"author":1,"featured_media":15631,"comment_status":"closed","ping_status":"closed","sticky":false,"template":"","format":"standard","meta":{"footnotes":""},"categories":[10,21],"tags":[],"class_list":["post-15630","post","type-post","status-publish","format-standard","has-post-thumbnail","hentry","category-educacao","category-saude"],"_links":{"self":[{"href":"https:\/\/www.corumbaonline.com.br\/news\/wp-json\/wp\/v2\/posts\/15630","targetHints":{"allow":["GET"]}}],"collection":[{"href":"https:\/\/www.corumbaonline.com.br\/news\/wp-json\/wp\/v2\/posts"}],"about":[{"href":"https:\/\/www.corumbaonline.com.br\/news\/wp-json\/wp\/v2\/types\/post"}],"author":[{"embeddable":true,"href":"https:\/\/www.corumbaonline.com.br\/news\/wp-json\/wp\/v2\/users\/1"}],"replies":[{"embeddable":true,"href":"https:\/\/www.corumbaonline.com.br\/news\/wp-json\/wp\/v2\/comments?post=15630"}],"version-history":[{"count":1,"href":"https:\/\/www.corumbaonline.com.br\/news\/wp-json\/wp\/v2\/posts\/15630\/revisions"}],"predecessor-version":[{"id":15632,"href":"https:\/\/www.corumbaonline.com.br\/news\/wp-json\/wp\/v2\/posts\/15630\/revisions\/15632"}],"wp:featuredmedia":[{"embeddable":true,"href":"https:\/\/www.corumbaonline.com.br\/news\/wp-json\/wp\/v2\/media\/15631"}],"wp:attachment":[{"href":"https:\/\/www.corumbaonline.com.br\/news\/wp-json\/wp\/v2\/media?parent=15630"}],"wp:term":[{"taxonomy":"category","embeddable":true,"href":"https:\/\/www.corumbaonline.com.br\/news\/wp-json\/wp\/v2\/categories?post=15630"},{"taxonomy":"post_tag","embeddable":true,"href":"https:\/\/www.corumbaonline.com.br\/news\/wp-json\/wp\/v2\/tags?post=15630"}],"curies":[{"name":"wp","href":"https:\/\/api.w.org\/{rel}","templated":true}]}}