{"id":15636,"date":"2018-03-31T08:50:29","date_gmt":"2018-03-31T12:50:29","guid":{"rendered":"http:\/\/www.corumbaonline.com.br\/news\/?p=15636"},"modified":"2018-03-31T08:54:48","modified_gmt":"2018-03-31T12:54:48","slug":"reajuste-do-vale-renda-reforca-compromisso-do-governo-do-estado-com-o-social","status":"publish","type":"post","link":"https:\/\/www.corumbaonline.com.br\/news\/reajuste-do-vale-renda-reforca-compromisso-do-governo-do-estado-com-o-social\/","title":{"rendered":"Reajuste do Vale Renda refor\u00e7a compromisso do Governo do Estado com o social"},"content":{"rendered":"<p>A partir de abril os benefici\u00e1rios do programa Vale Renda receber\u00e3o o benef\u00edcio com o reajuste anunciado pelo governador Reinaldo Azambuja no dia 24 de fevereiro, durante a\u00e7\u00e3o socioeducativa realizada no Parque de Exposi\u00e7\u00f5es Lauc\u00eddio Coelho, em Campo Grande. O decreto que elevou o valor do benef\u00edcio de R$ 170,00 para R$ 180,00 foi publicado no\u00a0<a href=\"http:\/\/www.spdo.ms.gov.br\/diariodoe\/Index\/Download\/DO9624_28_03_2018\" target=\"_blank\" rel=\"noopener noreferrer\">Di\u00e1rio Oficial do Estado<\/a>\u00a0(DOE) de quarta-feira (28.3). O reajuste representa um aumento de quase 6% no beneficio mensal pago a 45 mil pessoas, em 13 parcelas anuais.<\/p>\n<p>\u201cEnquanto muitos estados brasileiros acabaram com os programas sociais n\u00f3s continuamos com o Vale Renda no atendimento \u00e0s fam\u00edlias. E mais: n\u00f3s aperfei\u00e7oamos nosso programa para dar qualifica\u00e7\u00e3o profissional e oportunidades \u00e0s pessoas. Agora estamos reajustando a mensalidade para todas as mil fam\u00edlias beneficiadas\u201d, afirma Reinaldo Azambuja.<\/p>\n<p>As a\u00e7\u00f5es do Vale Renda representam um apoio imediato a quem necessita al\u00e9m de proporcionar o incentivo ao empreendedorismo, conforme explica a titular da Secretaria de Estado de Direitos Humanos, Assist\u00eancia Social e Trabalho (Sedhast), Elisa Cleia Nobre. \u201cO programa Vale Renda tem essa caracter\u00edstica de dar esse apoio para as fam\u00edlias, com o pagamento do benef\u00edcio, mas que tamb\u00e9m motiva e auxilia no empreendedorismo, despertando caso a caso as melhores maneiras para que cada benefici\u00e1rio possa progredir ainda mais\u201d, conta.<\/p>\n<p>O acompanhamento dos benefici\u00e1rios \u00e9 realizado pela equipe da Superintend\u00eancia de Benef\u00edcios Sociais (Subs), compreendendo a realiza\u00e7\u00e3o de reuni\u00f5es mensais e ainda grandes reuni\u00f5es como a do \u00faltimo m\u00eas no Parque de Exposi\u00e7\u00f5es Lauc\u00eddio Coelho, na Capital, com mais de oito mil benefici\u00e1rios.<\/p>\n","protected":false},"excerpt":{"rendered":"<p>A partir de abril os benefici\u00e1rios do programa Vale Renda receber\u00e3o o benef\u00edcio com o&#8230;<\/p>\n","protected":false},"author":1,"featured_media":0,"comment_status":"closed","ping_status":"closed","sticky":false,"template":"","format":"standard","meta":{"footnotes":""},"categories":[9],"tags":[],"class_list":["post-15636","post","type-post","status-publish","format-standard","hentry","category-economia"],"_links":{"self":[{"href":"https:\/\/www.corumbaonline.com.br\/news\/wp-json\/wp\/v2\/posts\/15636","targetHints":{"allow":["GET"]}}],"collection":[{"href":"https:\/\/www.corumbaonline.com.br\/news\/wp-json\/wp\/v2\/posts"}],"about":[{"href":"https:\/\/www.corumbaonline.com.br\/news\/wp-json\/wp\/v2\/types\/post"}],"author":[{"embeddable":true,"href":"https:\/\/www.corumbaonline.com.br\/news\/wp-json\/wp\/v2\/users\/1"}],"replies":[{"embeddable":true,"href":"https:\/\/www.corumbaonline.com.br\/news\/wp-json\/wp\/v2\/comments?post=15636"}],"version-history":[{"count":1,"href":"https:\/\/www.corumbaonline.com.br\/news\/wp-json\/wp\/v2\/posts\/15636\/revisions"}],"predecessor-version":[{"id":15637,"href":"https:\/\/www.corumbaonline.com.br\/news\/wp-json\/wp\/v2\/posts\/15636\/revisions\/15637"}],"wp:attachment":[{"href":"https:\/\/www.corumbaonline.com.br\/news\/wp-json\/wp\/v2\/media?parent=15636"}],"wp:term":[{"taxonomy":"category","embeddable":true,"href":"https:\/\/www.corumbaonline.com.br\/news\/wp-json\/wp\/v2\/categories?post=15636"},{"taxonomy":"post_tag","embeddable":true,"href":"https:\/\/www.corumbaonline.com.br\/news\/wp-json\/wp\/v2\/tags?post=15636"}],"curies":[{"name":"wp","href":"https:\/\/api.w.org\/{rel}","templated":true}]}}