{"id":15650,"date":"2018-03-31T10:32:58","date_gmt":"2018-03-31T14:32:58","guid":{"rendered":"http:\/\/www.corumbaonline.com.br\/news\/?p=15650"},"modified":"2018-03-31T10:56:39","modified_gmt":"2018-03-31T14:56:39","slug":"prefeitura-promove-campanha-de-uso-e-reuso-consciente-da-agua","status":"publish","type":"post","link":"https:\/\/www.corumbaonline.com.br\/news\/prefeitura-promove-campanha-de-uso-e-reuso-consciente-da-agua\/","title":{"rendered":"Prefeitura promove campanha de uso e reuso consciente da \u00e1gua"},"content":{"rendered":"<p>A Prefeitura de Corumb\u00e1, por meio da Funda\u00e7\u00e3o do Meio Ambiente do Pantanal e da Secretaria Municipal de Educa\u00e7\u00e3o, est\u00e1 promovendo a campanha de Reuso e Uso Consciente da \u00c1gua. O trabalho \u00e9 realizado em parceria com a Vetorial Minera\u00e7\u00e3o.<\/p>\n<p>&nbsp;<\/p>\n<p>A campanha ocorrer\u00e1 por meio de um concurso entre as escolas da Rede Municipal de Ensino (REME), no qual as mesmas dever\u00e3o confeccionar de um v\u00eddeo com a participa\u00e7\u00e3o dos alunos apresentando ideias e a\u00e7\u00f5es que representem o uso e reuso da \u00e1gua. As escolas participantes ter\u00e3o at\u00e9 o dia 16 de abril para entregar os v\u00eddeos para sele\u00e7\u00e3o.<\/p>\n<p>&nbsp;<\/p>\n<p>A premia\u00e7\u00e3o ocorrer\u00e1 no dia 22 de abril, Dia da Terra, e ser\u00e1 ofertada pela Vetorial, que doar\u00e1 um bebedouro refrigerado com a sua instala\u00e7\u00e3o para a escola vencedora. O v\u00eddeo vencedor ser\u00e1 divulgado em toda a REME e utilizado pela Funda\u00e7\u00e3o de Meio Ambiente para divulga\u00e7\u00e3o de projetos relacionados ao temo ao longo de todo o ano.<\/p>\n<p>&nbsp;<\/p>\n<p>O objetivo da campanha \u00e9 estimular a comunidade escolar a refletir sobre a import\u00e2ncia da \u00e1gua em nosso dia a dia e soa danos causados pelo seu mal uso. O p\u00fablico alvo da iniciativa s\u00e3o alunos do 6\u00ba ao 9\u00ba ano da Rede Municipal de Ensino. Os pais dos participantes dever\u00e3o assinar uma autoriza\u00e7\u00e3o para utiliza\u00e7\u00e3o da imagem dos estudantes.<\/p>\n<p>&nbsp;<\/p>\n<p>Cada escola poder\u00e1 concorrer com at\u00e9 dois v\u00eddeos. A comiss\u00e3o julgadora ser\u00e1 composta por seis membros: dois da REME, dois da Funda\u00e7\u00e3o do Meio Ambiente e dois da Vetorial Minera\u00e7\u00e3o. As unidades de ensino que aderirem a Campanha devem encaminhar uma comunica\u00e7\u00e3o por escrito para a Secretaria de Educa\u00e7\u00e3o juntamente com as autoriza\u00e7\u00f5es dos pais ou respons\u00e1veis at\u00e9 o dia 5 de abril.<\/p>\n<p>&nbsp;<\/p>\n<p><strong>Crit\u00e9rios<\/strong><\/p>\n<p>&nbsp;<\/p>\n<p>S\u00e3o itens obrigat\u00f3rios nos v\u00eddeos: liga\u00e7\u00e3o com o tema proposto, atendimento ao tempo m\u00e1ximo de 15 segundos, participa\u00e7\u00e3o da comunidade escolar no v\u00eddeo, atendimento ao prazo limite de entrega do material (16 de abril), e formato da grava\u00e7\u00e3o em .avi ou .mp4. A pontua\u00e7\u00e3o ser\u00e1 definida da seguinte forma:<\/p>\n<p>&nbsp;<\/p>\n<p>Relev\u00e2ncia do conte\u00fado apresentado (2,5 pontos), dom\u00ednio do conte\u00fado apresentado (2,5 pontos), envolvimento da comunidade escolar (3 pontos) e criatividade (2 pontos). A nota final ser\u00e1 a m\u00e9dia das avalia\u00e7\u00f5es de cada jurado, sendo o crit\u00e9rio \u201crelev\u00e2ncia do conte\u00fado apresentado\u201d utilizado como nota de desempate, se necess\u00e1rio.<\/p>\n","protected":false},"excerpt":{"rendered":"<p>A Prefeitura de Corumb\u00e1, por meio da Funda\u00e7\u00e3o do Meio Ambiente do Pantanal e da&#8230;<\/p>\n","protected":false},"author":1,"featured_media":15651,"comment_status":"closed","ping_status":"closed","sticky":false,"template":"","format":"standard","meta":{"footnotes":""},"categories":[8,17],"tags":[],"class_list":["post-15650","post","type-post","status-publish","format-standard","has-post-thumbnail","hentry","category-destaque","category-meio-ambiente"],"_links":{"self":[{"href":"https:\/\/www.corumbaonline.com.br\/news\/wp-json\/wp\/v2\/posts\/15650","targetHints":{"allow":["GET"]}}],"collection":[{"href":"https:\/\/www.corumbaonline.com.br\/news\/wp-json\/wp\/v2\/posts"}],"about":[{"href":"https:\/\/www.corumbaonline.com.br\/news\/wp-json\/wp\/v2\/types\/post"}],"author":[{"embeddable":true,"href":"https:\/\/www.corumbaonline.com.br\/news\/wp-json\/wp\/v2\/users\/1"}],"replies":[{"embeddable":true,"href":"https:\/\/www.corumbaonline.com.br\/news\/wp-json\/wp\/v2\/comments?post=15650"}],"version-history":[{"count":1,"href":"https:\/\/www.corumbaonline.com.br\/news\/wp-json\/wp\/v2\/posts\/15650\/revisions"}],"predecessor-version":[{"id":15652,"href":"https:\/\/www.corumbaonline.com.br\/news\/wp-json\/wp\/v2\/posts\/15650\/revisions\/15652"}],"wp:featuredmedia":[{"embeddable":true,"href":"https:\/\/www.corumbaonline.com.br\/news\/wp-json\/wp\/v2\/media\/15651"}],"wp:attachment":[{"href":"https:\/\/www.corumbaonline.com.br\/news\/wp-json\/wp\/v2\/media?parent=15650"}],"wp:term":[{"taxonomy":"category","embeddable":true,"href":"https:\/\/www.corumbaonline.com.br\/news\/wp-json\/wp\/v2\/categories?post=15650"},{"taxonomy":"post_tag","embeddable":true,"href":"https:\/\/www.corumbaonline.com.br\/news\/wp-json\/wp\/v2\/tags?post=15650"}],"curies":[{"name":"wp","href":"https:\/\/api.w.org\/{rel}","templated":true}]}}