{"id":15676,"date":"2018-04-01T10:57:27","date_gmt":"2018-04-01T14:57:27","guid":{"rendered":"http:\/\/www.corumbaonline.com.br\/news\/?p=15676"},"modified":"2018-04-01T11:56:07","modified_gmt":"2018-04-01T15:56:07","slug":"pm-apreende-arma-de-fogo-e-prende-acusado-por-disparo-em-via-publica","status":"publish","type":"post","link":"https:\/\/www.corumbaonline.com.br\/news\/pm-apreende-arma-de-fogo-e-prende-acusado-por-disparo-em-via-publica\/","title":{"rendered":"PM apreende arma de fogo e prende acusado por disparo em via p\u00fablica"},"content":{"rendered":"<p style=\"text-align: justify; vertical-align: baseline; margin: 0cm 0cm 18.0pt 0cm;\"><span style=\"font-size: 10.0pt; font-family: 'Arial','sans-serif'; color: #2b2b2b;\">Por volta das 22 horas deste s\u00e1bado, 31 de mar\u00e7o, a equipe de r\u00e1dio patrulha realizava rondas ostensivas quando foi acionada via CIOPS para averiguar uma ocorr\u00eancia de disparo de arma de fogo em via p\u00fablica na rua Marechal Floriano, no bairro Nova Corumb\u00e1.<\/span><\/p>\n<p style=\"text-align: justify; vertical-align: baseline; outline: 0px; font-variant-ligatures: normal; font-variant-caps: normal; orphans: 2; widows: 2; -webkit-text-stroke-width: 0px; text-decoration-style: initial; text-decoration-color: initial; word-spacing: 0px; margin: 0cm 0cm 18.0pt 0cm;\"><span style=\"font-size: 10.0pt; font-family: 'Arial','sans-serif'; color: #2b2b2b;\">Ao chegar no local, os policiais foram informados que o autor dos disparos havia adentrado em sua resid\u00eancia. Sua esposa abriu o port\u00e3o para os policiais e solicitou a guarni\u00e7\u00e3o para que o prendesse.<\/span><\/p>\n<p style=\"text-align: justify; vertical-align: baseline; outline: 0px; font-variant-ligatures: normal; font-variant-caps: normal; orphans: 2; widows: 2; -webkit-text-stroke-width: 0px; text-decoration-style: initial; text-decoration-color: initial; word-spacing: 0px; margin: 0cm 0cm 18.0pt 0cm;\"><span style=\"font-size: 10.0pt; font-family: 'Arial','sans-serif'; color: #2b2b2b;\">O homem de 37 anos foi flagrado pelas c\u00e2meras de monitoramento efetuando os disparos na via, segundo sua esposa ele teria efetuado 4 disparos na rua e em sua casa efetuou um outro disparo acidental, ap\u00f3s ter escorregado.<\/span><\/p>\n<figure id=\"attachment_15677\" aria-describedby=\"caption-attachment-15677\" style=\"width: 300px\" class=\"wp-caption alignright\"><a href=\"https:\/\/www.corumbaonline.com.br\/news\/wp-content\/uploads\/2018\/04\/foto111031.jpg\"><img loading=\"lazy\" decoding=\"async\" class=\"size-medium wp-image-15677\" src=\"https:\/\/www.corumbaonline.com.br\/news\/wp-content\/uploads\/2018\/04\/foto111031-300x153.jpg\" alt=\"Divulga\u00e7\u00e3o\" width=\"300\" height=\"153\" srcset=\"https:\/\/www.corumbaonline.com.br\/news\/wp-content\/uploads\/2018\/04\/foto111031-300x153.jpg 300w, https:\/\/www.corumbaonline.com.br\/news\/wp-content\/uploads\/2018\/04\/foto111031.jpg 400w\" sizes=\"auto, (max-width: 300px) 100vw, 300px\" \/><\/a><figcaption id=\"caption-attachment-15677\" class=\"wp-caption-text\">Arma utilizada para efetuar disparos na rua (Foto: Divulga\u00e7\u00e3o)<\/figcaption><\/figure>\n<p style=\"text-align: justify; vertical-align: baseline; margin: 0cm 0cm 18.0pt 0cm;\"><span style=\"font-size: 10.0pt; font-family: 'Arial','sans-serif'; color: #2b2b2b;\">O acusado se negou a informar a localidade da arma de fogo, por\u00e9m ap\u00f3s uma busca minuciosa foi<\/span><\/p>\n<p style=\"text-align: justify; vertical-align: baseline; margin: 0cm 0cm 18.0pt 0cm;\"><span style=\"font-size: 10.0pt; font-family: 'Arial','sans-serif'; color: #2b2b2b;\">poss\u00edvel localizar o objeto do delito pr\u00f3ximo a um cano de \u00e1gua.<\/span><\/p>\n<p style=\"text-align: justify; vertical-align: baseline; outline: 0px; font-variant-ligatures: normal; font-variant-caps: normal; orphans: 2; widows: 2; -webkit-text-stroke-width: 0px; text-decoration-style: initial; text-decoration-color: initial; word-spacing: 0px; margin: 0cm 0cm 18.0pt 0cm;\"><span style=\"font-size: 10.0pt; font-family: 'Arial','sans-serif'; color: #2b2b2b;\">O homem e a arma de fogo foram encaminhados ao 1\u00b0DP.<\/span><\/p>\n","protected":false},"excerpt":{"rendered":"<p>Por volta das 22 horas deste s\u00e1bado, 31 de mar\u00e7o, a equipe de r\u00e1dio patrulha&#8230;<\/p>\n","protected":false},"author":1,"featured_media":0,"comment_status":"closed","ping_status":"closed","sticky":false,"template":"","format":"standard","meta":{"footnotes":""},"categories":[18],"tags":[],"class_list":["post-15676","post","type-post","status-publish","format-standard","hentry","category-seguranca"],"_links":{"self":[{"href":"https:\/\/www.corumbaonline.com.br\/news\/wp-json\/wp\/v2\/posts\/15676","targetHints":{"allow":["GET"]}}],"collection":[{"href":"https:\/\/www.corumbaonline.com.br\/news\/wp-json\/wp\/v2\/posts"}],"about":[{"href":"https:\/\/www.corumbaonline.com.br\/news\/wp-json\/wp\/v2\/types\/post"}],"author":[{"embeddable":true,"href":"https:\/\/www.corumbaonline.com.br\/news\/wp-json\/wp\/v2\/users\/1"}],"replies":[{"embeddable":true,"href":"https:\/\/www.corumbaonline.com.br\/news\/wp-json\/wp\/v2\/comments?post=15676"}],"version-history":[{"count":1,"href":"https:\/\/www.corumbaonline.com.br\/news\/wp-json\/wp\/v2\/posts\/15676\/revisions"}],"predecessor-version":[{"id":15678,"href":"https:\/\/www.corumbaonline.com.br\/news\/wp-json\/wp\/v2\/posts\/15676\/revisions\/15678"}],"wp:attachment":[{"href":"https:\/\/www.corumbaonline.com.br\/news\/wp-json\/wp\/v2\/media?parent=15676"}],"wp:term":[{"taxonomy":"category","embeddable":true,"href":"https:\/\/www.corumbaonline.com.br\/news\/wp-json\/wp\/v2\/categories?post=15676"},{"taxonomy":"post_tag","embeddable":true,"href":"https:\/\/www.corumbaonline.com.br\/news\/wp-json\/wp\/v2\/tags?post=15676"}],"curies":[{"name":"wp","href":"https:\/\/api.w.org\/{rel}","templated":true}]}}