{"id":15702,"date":"2018-04-02T08:18:47","date_gmt":"2018-04-02T12:18:47","guid":{"rendered":"http:\/\/www.corumbaonline.com.br\/news\/?p=15702"},"modified":"2018-04-02T09:28:37","modified_gmt":"2018-04-02T13:28:37","slug":"fundacao-da-cultura-abre-inscricoes-para-oficinas-de-artes-plasticas","status":"publish","type":"post","link":"https:\/\/www.corumbaonline.com.br\/news\/fundacao-da-cultura-abre-inscricoes-para-oficinas-de-artes-plasticas\/","title":{"rendered":"Funda\u00e7\u00e3o da Cultura abre inscri\u00e7\u00f5es para oficinas de artes pl\u00e1sticas"},"content":{"rendered":"<p>A Funda\u00e7\u00e3o da Cultura e do Patrim\u00f4nio Hist\u00f3rico de Corumb\u00e1 abre hoje, 02 de abril, inscri\u00e7\u00f5es para Oficinas de Artes Pl\u00e1sticas. As aulas ser\u00e3o oferecidas apenas as sextas-feiras, nos dois per\u00edodos. O matutino \u00e9 para alunos de 08 a 13 anos e o vespertino para idades acima dos 14 anos.<\/p>\n<p>&nbsp;<\/p>\n<p>Cada turma ter\u00e1 15 alunos por turma. Com in\u00edcio no dia 13 de abril, as aulas ser\u00e3o oferecidas na Casa de Cultura Luiz de Albuquerque (ILA), que fica na pra\u00e7a da Rep\u00fablica, n\u00ba 119. Na primeira etapa, os alunos aprender\u00e3o t\u00e9cnicas b\u00e1sicas de desenho e pintura. O material inicial ser\u00e1 disponibilizado pela Funda\u00e7\u00e3o.<\/p>\n<p>&nbsp;<\/p>\n<p>O instrutor ser\u00e1 o artista pl\u00e1stico Jamil Canavarros, servidor de carreira da Prefeitura que atua na Funda\u00e7\u00e3o da Cultura e do Patrim\u00f4nio Hist\u00f3rico de Corumb\u00e1 e desenvolve v\u00e1rias atividades em parceria com outras institui\u00e7\u00f5es.<\/p>\n<p>&nbsp;<\/p>\n<p>Gratuitas, as inscri\u00e7\u00f5es poder\u00e3o ser feitas at\u00e9 o dia 12 de abril, na sede da Funda\u00e7\u00e3o da Cultura e do Patrim\u00f4nio Hist\u00f3rico de Corumb\u00e1, localizada na rua 15 de Novembro, n\u00ba 659, Centro. Para inscri\u00e7\u00e3o \u00e9 necess\u00e1rio apresentar c\u00f3pia da Certid\u00e3o de Nascimento ou do RG do aluno; comprovante de resid\u00eancia e declara\u00e7\u00e3o de matr\u00edcula escolar; al\u00e9m de fornecer contatos telef\u00f4nicos. Maiores informa\u00e7\u00f5es pelo telefone 3907-5454.<\/p>\n","protected":false},"excerpt":{"rendered":"<p>A Funda\u00e7\u00e3o da Cultura e do Patrim\u00f4nio Hist\u00f3rico de Corumb\u00e1 abre hoje, 02 de abril,&#8230;<\/p>\n","protected":false},"author":1,"featured_media":0,"comment_status":"closed","ping_status":"closed","sticky":false,"template":"","format":"standard","meta":{"footnotes":""},"categories":[7],"tags":[],"class_list":["post-15702","post","type-post","status-publish","format-standard","hentry","category-cultura"],"_links":{"self":[{"href":"https:\/\/www.corumbaonline.com.br\/news\/wp-json\/wp\/v2\/posts\/15702","targetHints":{"allow":["GET"]}}],"collection":[{"href":"https:\/\/www.corumbaonline.com.br\/news\/wp-json\/wp\/v2\/posts"}],"about":[{"href":"https:\/\/www.corumbaonline.com.br\/news\/wp-json\/wp\/v2\/types\/post"}],"author":[{"embeddable":true,"href":"https:\/\/www.corumbaonline.com.br\/news\/wp-json\/wp\/v2\/users\/1"}],"replies":[{"embeddable":true,"href":"https:\/\/www.corumbaonline.com.br\/news\/wp-json\/wp\/v2\/comments?post=15702"}],"version-history":[{"count":1,"href":"https:\/\/www.corumbaonline.com.br\/news\/wp-json\/wp\/v2\/posts\/15702\/revisions"}],"predecessor-version":[{"id":15703,"href":"https:\/\/www.corumbaonline.com.br\/news\/wp-json\/wp\/v2\/posts\/15702\/revisions\/15703"}],"wp:attachment":[{"href":"https:\/\/www.corumbaonline.com.br\/news\/wp-json\/wp\/v2\/media?parent=15702"}],"wp:term":[{"taxonomy":"category","embeddable":true,"href":"https:\/\/www.corumbaonline.com.br\/news\/wp-json\/wp\/v2\/categories?post=15702"},{"taxonomy":"post_tag","embeddable":true,"href":"https:\/\/www.corumbaonline.com.br\/news\/wp-json\/wp\/v2\/tags?post=15702"}],"curies":[{"name":"wp","href":"https:\/\/api.w.org\/{rel}","templated":true}]}}