{"id":15719,"date":"2018-04-02T09:47:43","date_gmt":"2018-04-02T13:47:43","guid":{"rendered":"http:\/\/www.corumbaonline.com.br\/news\/?p=15719"},"modified":"2018-04-02T10:08:59","modified_gmt":"2018-04-02T14:08:59","slug":"festival-america-do-sul-pantanal-sera-de-24-a-27-de-maio-define-estado","status":"publish","type":"post","link":"https:\/\/www.corumbaonline.com.br\/news\/festival-america-do-sul-pantanal-sera-de-24-a-27-de-maio-define-estado\/","title":{"rendered":"Festival Am\u00e9rica do Sul Pantanal ser\u00e1 de 24 a 27 de maio, define Estado"},"content":{"rendered":"<p>O Festival Am\u00e9rica do Sul Pantanal (FASP) vai acontecer entre 24 e 27 de maio de 2018. A d\u00e9cima quarta edi\u00e7\u00e3o do evento, produzido pelo Governo de Mato Grosso do Sul, ter\u00e1 atividades nas cidades de Corumb\u00e1, Lad\u00e1rio e nas bolivianas Puerto Quijarro e Puerto Su\u00e1rez. O lan\u00e7amento oficial do FASP est\u00e1 previsto para este m\u00eas de abril em Campo Grande e Corumb\u00e1.<\/p>\n<p>&nbsp;<\/p>\n<p>\u201cCom certeza esta nova data do festival no m\u00eas de maio \u00e9 mais apropriada para o evento. \u00c9 quando o turismo est\u00e1 em alta e, por isso, teremos a presen\u00e7a n\u00e3o s\u00f3 da popula\u00e7\u00e3o de Mato Grosso do Sul como a de muitos visitantes de fora do Estado. Al\u00e9m deste fator, em maio o clima est\u00e1 bem mais ameno e \u00e9 uma \u00e9poca em que o Pantanal mostra toda a sua exuber\u00e2ncia\u201d, afirma o secret\u00e1rio Athayde Nery, da Secret\u00e1ria da Cultura e Cidadania (SECC).<\/p>\n<p>&nbsp;<\/p>\n<p>Na programa\u00e7\u00e3o do FASP est\u00e1 previsto a presen\u00e7a de participantes de 10 pa\u00edses do continente sul-americano, envolvendo v\u00e1rias \u00e1reas art\u00edsticas como artesanato, artes c\u00eanicas, cinema, artes visuais, literatura, gastronomia e m\u00fasica. O festival ter\u00e1 v\u00e1rias atividades voltadas para o debate sobre o patrim\u00f4nio hist\u00f3rico, a economia criativa e as artes de rua. Tamb\u00e9m est\u00e3o programadas oficinas, palestras, exposi\u00e7\u00f5es e um semin\u00e1rio sobre cultura e cidadania.<\/p>\n<p>&nbsp;<\/p>\n<p>A d\u00e9cima quarta edi\u00e7\u00e3o do festival traz novidades no formato com uma programa\u00e7\u00e3o intensa e reformulada. \u201cVamos apresentar um novo festival, com participa\u00e7\u00e3o ativa dos estudantes, professores e artistas corumbaenses e ladarenses. Tamb\u00e9m faremos um grande debate sobre a import\u00e2ncia da cultura e cidadania como forma de alavancar a sociedade. Temos certeza que esta edi\u00e7\u00e3o ser\u00e1 inesquec\u00edvel\u201d, finaliza Athayde Nery. A 14\u00aa edi\u00e7\u00e3o do FASP conta com parceria da Prefeitura Municipal de Corumb\u00e1. As informa\u00e7\u00f5es s\u00e3o da\u00a0<a href=\"http:\/\/www.fundacaodecultura.ms.gov.br\/festival-america-do-sul-pantanal-tem-data-definida\/\">Funda\u00e7\u00e3o de Cultura de Mato Grosso do Sul<\/a>.<\/p>\n","protected":false},"excerpt":{"rendered":"<p>O Festival Am\u00e9rica do Sul Pantanal (FASP) vai acontecer entre 24 e 27 de maio&#8230;<\/p>\n","protected":false},"author":1,"featured_media":15720,"comment_status":"closed","ping_status":"closed","sticky":false,"template":"","format":"standard","meta":{"footnotes":""},"categories":[7,8],"tags":[],"class_list":["post-15719","post","type-post","status-publish","format-standard","has-post-thumbnail","hentry","category-cultura","category-destaque"],"_links":{"self":[{"href":"https:\/\/www.corumbaonline.com.br\/news\/wp-json\/wp\/v2\/posts\/15719","targetHints":{"allow":["GET"]}}],"collection":[{"href":"https:\/\/www.corumbaonline.com.br\/news\/wp-json\/wp\/v2\/posts"}],"about":[{"href":"https:\/\/www.corumbaonline.com.br\/news\/wp-json\/wp\/v2\/types\/post"}],"author":[{"embeddable":true,"href":"https:\/\/www.corumbaonline.com.br\/news\/wp-json\/wp\/v2\/users\/1"}],"replies":[{"embeddable":true,"href":"https:\/\/www.corumbaonline.com.br\/news\/wp-json\/wp\/v2\/comments?post=15719"}],"version-history":[{"count":1,"href":"https:\/\/www.corumbaonline.com.br\/news\/wp-json\/wp\/v2\/posts\/15719\/revisions"}],"predecessor-version":[{"id":15721,"href":"https:\/\/www.corumbaonline.com.br\/news\/wp-json\/wp\/v2\/posts\/15719\/revisions\/15721"}],"wp:featuredmedia":[{"embeddable":true,"href":"https:\/\/www.corumbaonline.com.br\/news\/wp-json\/wp\/v2\/media\/15720"}],"wp:attachment":[{"href":"https:\/\/www.corumbaonline.com.br\/news\/wp-json\/wp\/v2\/media?parent=15719"}],"wp:term":[{"taxonomy":"category","embeddable":true,"href":"https:\/\/www.corumbaonline.com.br\/news\/wp-json\/wp\/v2\/categories?post=15719"},{"taxonomy":"post_tag","embeddable":true,"href":"https:\/\/www.corumbaonline.com.br\/news\/wp-json\/wp\/v2\/tags?post=15719"}],"curies":[{"name":"wp","href":"https:\/\/api.w.org\/{rel}","templated":true}]}}