{"id":15747,"date":"2018-04-03T08:48:59","date_gmt":"2018-04-03T12:48:59","guid":{"rendered":"http:\/\/www.corumbaonline.com.br\/news\/?p=15747"},"modified":"2018-04-03T09:09:24","modified_gmt":"2018-04-03T13:09:24","slug":"mais-de-7-milhoes-de-pessoas-fizeram-declaracao-do-ir-no-primeiro-mes-de-entrega","status":"publish","type":"post","link":"https:\/\/www.corumbaonline.com.br\/news\/mais-de-7-milhoes-de-pessoas-fizeram-declaracao-do-ir-no-primeiro-mes-de-entrega\/","title":{"rendered":"Mais de 7 milh\u00f5es de pessoas fizeram declara\u00e7\u00e3o do IR no primeiro m\u00eas de entrega"},"content":{"rendered":"<p>Decorrido um m\u00eas da abertura de prazo para entrega das declara\u00e7\u00f5es, quase um quarto dos contribuintes acertaram as contas com o Fisco. At\u00e9 as 17h de ontem (2), a Receita Federal recebeu 7.042.282 declara\u00e7\u00f5es do Imposto de Renda Pessoa F\u00edsica. O total equivale a 24,5% dos 28,8 milh\u00f5es de documentos esperados para este ano.<\/p>\n<p>O programa de preenchimento da declara\u00e7\u00e3o do Imposto de Renda da Pessoa F\u00edsica de 2018, ano base 2017, est\u00e1 dispon\u00edvel no site da Receita Federal &lt;<a href=\"http:\/\/www.receita.fazenda.gov.br\/\" target=\"_blank\" rel=\"noopener noreferrer\">http:\/\/www.receita.fazenda.gov.br\/<\/a>&gt;. O prazo para a entrega da declara\u00e7\u00e3o come\u00e7ou em 1\u00ba de mar\u00e7o e vai at\u00e9 as 23h59min59s de 30 de abril.<\/p>\n<p>Est\u00e1 obrigado a declarar quem recebeu rendimentos tribut\u00e1veis, em 2017, em valores superiores a R$ 28.559,70. No caso da atividade rural, deve declarar quem teve receita bruta acima R$ 142.798,50.<\/p>\n<p>A declara\u00e7\u00e3o poder\u00e1 ser preenchida por meio do programa baixado no computador ou do aplicativo Meu Imposto de Renda para tablets e celulares. Por meio do aplicativo, \u00e9 poss\u00edvel ainda fazer retifica\u00e7\u00f5es depois do envio da declara\u00e7\u00e3o.<\/p>\n<p>Outra op\u00e7\u00e3o \u00e9 mediante acesso ao servi\u00e7o Meu Imposto de Renda, dispon\u00edvel no Centro Virtual de Atendimento (e-CAC) &lt;<a href=\"https:\/\/cav.receita.fazenda.gov.br\/\" target=\"_blank\" rel=\"noopener noreferrer\">https:\/\/cav.receita.fazenda.gov.br\/<\/a>&gt;, no site da Receita, com uso de certificado digital.<\/p>\n<p>Tamb\u00e9m est\u00e3o obrigadas a declarar as pessoas f\u00edsicas residentes no Brasil que receberam rendimentos isentos, n\u00e3o tribut\u00e1veis ou tributados exclusivamente na fonte, cuja soma foi superior a R$ 40 mil; que obtiveram, em qualquer m\u00eas, ganho de capital na aliena\u00e7\u00e3o de bens e direitos, sujeito \u00e0 incid\u00eancia do imposto ou que realizaram opera\u00e7\u00f5es em bolsas de valores; que pretendem compensar preju\u00edzos com a atividade rural; que tiveram, em 31 de dezembro de 2017, a posse ou a propriedade de bens e direitos, inclusive terra nua, de valor total superior a R$ 300 mil; que passaram \u00e0 condi\u00e7\u00e3o de residentes no Brasil em qualquer m\u00eas e assim se encontravam em 31 de dezembro; ou que optaram pela isen\u00e7\u00e3o do IR incidente sobre o ganho de capital com a venda de im\u00f3veis residenciais para a compra de outro im\u00f3vel no pa\u00eds, no prazo de 180 dias contados do contrato de venda.<\/p>\n<p><strong>Multa por atraso<\/strong><\/p>\n<p>A multa para quem apresentar a declara\u00e7\u00e3o depois do prazo \u00e9 de 1% por m\u00eas de atraso, com valor m\u00ednimo de R$ 165,74 e m\u00e1ximo de 20% sobre o imposto devido.<\/p>\n<p><strong>Dedu\u00e7\u00f5es<\/strong><\/p>\n<p>As dedu\u00e7\u00f5es por dependente est\u00e3o limitadas a R$ 2.275,08. As despesas com educa\u00e7\u00e3o t\u00eam limite individual anual de R$ 3.561,50. A dedu\u00e7\u00e3o de gastos com empregadas dom\u00e9sticas \u00e9 de R$ 1.171,84.<\/p>\n<p><strong>Novidades<\/strong><\/p>\n<p>O painel inicial do sistema tem informa\u00e7\u00f5es das fichas que podem ser mais relevantes para o contribuinte durante o preenchimento da declara\u00e7\u00e3o.<\/p>\n<p>Neste ano, ser\u00e1 obrigat\u00f3ria a apresenta\u00e7\u00e3o do CPF para dependentes a partir de 8 anos, completados at\u00e9 o dia 31 de dezembro de 2017.<\/p>\n<p>Na declara\u00e7\u00e3o de bens, ser\u00e3o inclu\u00eddos campos para informa\u00e7\u00f5es complementares, como o n\u00famero do Registro Nacional de Ve\u00edculo (Renavam).<\/p>\n<p>Tamb\u00e9m ser\u00e1 inclu\u00edda a informa\u00e7\u00e3o sobre a al\u00edquota efetiva utilizada no c\u00e1lculo da apura\u00e7\u00e3o do imposto.<\/p>\n<p>Outra mudan\u00e7a \u00e9 a possibilidade de impress\u00e3o do Documento de Arrecada\u00e7\u00e3o de Receitas Federais (Darf) para pagamento de todas as cotas do imposto, inclusive as que est\u00e3o em atraso.<\/p>\n","protected":false},"excerpt":{"rendered":"<p>Decorrido um m\u00eas da abertura de prazo para entrega das declara\u00e7\u00f5es, quase um quarto dos&#8230;<\/p>\n","protected":false},"author":1,"featured_media":0,"comment_status":"closed","ping_status":"closed","sticky":false,"template":"","format":"standard","meta":{"footnotes":""},"categories":[9],"tags":[],"class_list":["post-15747","post","type-post","status-publish","format-standard","hentry","category-economia"],"_links":{"self":[{"href":"https:\/\/www.corumbaonline.com.br\/news\/wp-json\/wp\/v2\/posts\/15747","targetHints":{"allow":["GET"]}}],"collection":[{"href":"https:\/\/www.corumbaonline.com.br\/news\/wp-json\/wp\/v2\/posts"}],"about":[{"href":"https:\/\/www.corumbaonline.com.br\/news\/wp-json\/wp\/v2\/types\/post"}],"author":[{"embeddable":true,"href":"https:\/\/www.corumbaonline.com.br\/news\/wp-json\/wp\/v2\/users\/1"}],"replies":[{"embeddable":true,"href":"https:\/\/www.corumbaonline.com.br\/news\/wp-json\/wp\/v2\/comments?post=15747"}],"version-history":[{"count":1,"href":"https:\/\/www.corumbaonline.com.br\/news\/wp-json\/wp\/v2\/posts\/15747\/revisions"}],"predecessor-version":[{"id":15748,"href":"https:\/\/www.corumbaonline.com.br\/news\/wp-json\/wp\/v2\/posts\/15747\/revisions\/15748"}],"wp:attachment":[{"href":"https:\/\/www.corumbaonline.com.br\/news\/wp-json\/wp\/v2\/media?parent=15747"}],"wp:term":[{"taxonomy":"category","embeddable":true,"href":"https:\/\/www.corumbaonline.com.br\/news\/wp-json\/wp\/v2\/categories?post=15747"},{"taxonomy":"post_tag","embeddable":true,"href":"https:\/\/www.corumbaonline.com.br\/news\/wp-json\/wp\/v2\/tags?post=15747"}],"curies":[{"name":"wp","href":"https:\/\/api.w.org\/{rel}","templated":true}]}}