{"id":15772,"date":"2018-04-03T10:35:09","date_gmt":"2018-04-03T14:35:09","guid":{"rendered":"http:\/\/www.corumbaonline.com.br\/news\/?p=15772"},"modified":"2018-04-03T10:45:53","modified_gmt":"2018-04-03T14:45:53","slug":"na-camara-vereador-sugere-implantacao-de-um-parque-municipal-na-rio-branco","status":"publish","type":"post","link":"https:\/\/www.corumbaonline.com.br\/news\/na-camara-vereador-sugere-implantacao-de-um-parque-municipal-na-rio-branco\/","title":{"rendered":"Na C\u00e2mara, vereador sugere implanta\u00e7\u00e3o de um parque municipal na Rio Branco"},"content":{"rendered":"<p>O vereador Evander Vendramini est\u00e1 sugerindo \u00e0 Prefeitura de Corumb\u00e1, a constru\u00e7\u00e3o de um parque municipal na Avenida Rio Branco, em uma \u00e1rea localizada na esquina com a Rua Aquidauana, atr\u00e1s de uma pra\u00e7a existente na regi\u00e3o.<\/p>\n<p>A sugest\u00e3o est\u00e1 sendo encaminhada ao diretor-presidente da Funda\u00e7\u00e3o de Turismo, Rufo Vinagre, com c\u00f3pia ao secret\u00e1rio de Infraestrutura e Servi\u00e7os P\u00fablicos, Ricardo Ametlla; a diretora-presidente da Funda\u00e7\u00e3o de Meio Ambiente do Pantanal, Ana Claudia Moreira Boabaid, e ao secret\u00e1rio de Governo, C\u00e1ssio Augusto da Costa Marques.<\/p>\n<p>\u201cA cria\u00e7\u00e3o do parque municipal, al\u00e9m de atra\u00e7\u00e3o tur\u00edstica, servir\u00e1 de laborat\u00f3rio para estudos acad\u00eamicos. Nesse novo espa\u00e7o poderiam seriam desenvolvidas pesquisas, inclusive em parcerias com universidades e escolas, buscando sempre desenvolver projetos educacionais ligados ao meio ambiente. Al\u00e9m disso, o parque se tornaria em um local de lazer para a popula\u00e7\u00e3o\u201d, justificou.<\/p>\n<p>Casa do Artes\u00e3o<\/p>\n<p>Evander est\u00e1 ainda solicitando \u00e0 Secretaria de Infraestrutura, reforma das salas do pr\u00e9dio da Casa do Artes\u00e3o, localizado na Rua Dom Aquino, centro de Corumb\u00e1. Ele lembra que o espa\u00e7o \u00e9 um dos pontos tur\u00edsticos da cidade, e que, por isso mesmo, \u201cprecisa de cuidados, inclusive mais divulgado para os turistas que visitam a cidade e buscam produtos da regi\u00e3o para comprar\u201d.<\/p>\n<p>J\u00e1 \u00e0 Ag\u00eancia Municipal de Tr\u00e2nsito e Transporte (Agetrat), com c\u00f3pia \u00e0 pasta da Infraestrutura, o presidente da C\u00e2mara solicitou a instala\u00e7\u00e3o de um ponto de t\u00e1xi, com cobertura e demarca\u00e7\u00e3o horizontal, na Rua Lu\u00eds Feitosa Rodrigues, no Guat\u00f3, de prefer\u00eancia ao lado da Unidade de Pronto Atendimento 24 horas (UPA-24 Horas), para melhor atender a popula\u00e7\u00e3o, principalmente pacientes da unidade hospitalar.<\/p>\n<p>Solicita ainda \u00e0 Infraestrutura e \u00e0 Funda\u00e7\u00e3o de Esportes de Corumb\u00e1, a instala\u00e7\u00e3o de banheiros qu\u00edmicos no campo de futebol localizado na Rua 21 de Setembro, em frente \u00e0 Embrapa. O pedido se deve ao fato de que, em dias de jogos de campeonatos na regi\u00e3o, o campo recebe muitas pessoas que acabam utilizando espa\u00e7os entre as \u00e1rvores, como banheiro improvisado.<\/p>\n","protected":false},"excerpt":{"rendered":"<p>O vereador Evander Vendramini est\u00e1 sugerindo \u00e0 Prefeitura de Corumb\u00e1, a constru\u00e7\u00e3o de um parque&#8230;<\/p>\n","protected":false},"author":1,"featured_media":15773,"comment_status":"closed","ping_status":"closed","sticky":false,"template":"","format":"standard","meta":{"footnotes":""},"categories":[19],"tags":[],"class_list":["post-15772","post","type-post","status-publish","format-standard","has-post-thumbnail","hentry","category-politica"],"_links":{"self":[{"href":"https:\/\/www.corumbaonline.com.br\/news\/wp-json\/wp\/v2\/posts\/15772","targetHints":{"allow":["GET"]}}],"collection":[{"href":"https:\/\/www.corumbaonline.com.br\/news\/wp-json\/wp\/v2\/posts"}],"about":[{"href":"https:\/\/www.corumbaonline.com.br\/news\/wp-json\/wp\/v2\/types\/post"}],"author":[{"embeddable":true,"href":"https:\/\/www.corumbaonline.com.br\/news\/wp-json\/wp\/v2\/users\/1"}],"replies":[{"embeddable":true,"href":"https:\/\/www.corumbaonline.com.br\/news\/wp-json\/wp\/v2\/comments?post=15772"}],"version-history":[{"count":1,"href":"https:\/\/www.corumbaonline.com.br\/news\/wp-json\/wp\/v2\/posts\/15772\/revisions"}],"predecessor-version":[{"id":15774,"href":"https:\/\/www.corumbaonline.com.br\/news\/wp-json\/wp\/v2\/posts\/15772\/revisions\/15774"}],"wp:featuredmedia":[{"embeddable":true,"href":"https:\/\/www.corumbaonline.com.br\/news\/wp-json\/wp\/v2\/media\/15773"}],"wp:attachment":[{"href":"https:\/\/www.corumbaonline.com.br\/news\/wp-json\/wp\/v2\/media?parent=15772"}],"wp:term":[{"taxonomy":"category","embeddable":true,"href":"https:\/\/www.corumbaonline.com.br\/news\/wp-json\/wp\/v2\/categories?post=15772"},{"taxonomy":"post_tag","embeddable":true,"href":"https:\/\/www.corumbaonline.com.br\/news\/wp-json\/wp\/v2\/tags?post=15772"}],"curies":[{"name":"wp","href":"https:\/\/api.w.org\/{rel}","templated":true}]}}