{"id":15782,"date":"2018-04-03T11:26:31","date_gmt":"2018-04-03T15:26:31","guid":{"rendered":"http:\/\/www.corumbaonline.com.br\/news\/?p=15782"},"modified":"2018-04-03T11:19:13","modified_gmt":"2018-04-03T15:19:13","slug":"alms-projeto-assegura-matricula-em-escola-perto-de-casa-para-alunos-com-deficiencia","status":"publish","type":"post","link":"https:\/\/www.corumbaonline.com.br\/news\/alms-projeto-assegura-matricula-em-escola-perto-de-casa-para-alunos-com-deficiencia\/","title":{"rendered":"ALMS: Projeto assegura matr\u00edcula em escola perto de casa para alunos com defici\u00eancia"},"content":{"rendered":"<p>Estabelecimentos de ensino p\u00fablico e privado dever\u00e3o assegurar ao portador de defici\u00eancia o direito de matr\u00edcula em escola pr\u00f3xima \u00e0\u00a0sua resid\u00eancia ou local de trabalho. \u00c9 o que garante Projeto de Lei, de autoria do vice-presidente da Assembleia Legislativa de Mato Grosso do Sul, deputado Onevan de Matos (PSDB), apresentado durante a sess\u00e3o ordin\u00e1ria desta ter\u00e7a-feira (3).<\/p>\n<p>A proposi\u00e7\u00e3o considera deficiente f\u00edsico aquele que tem impedimento de longo prazo de natureza f\u00edsica, mental, intelectual ou sensorial, o qual, em plena intera\u00e7\u00e3o com uma ou mais barreiras, pode ser obstru\u00edda sua participa\u00e7\u00e3o plena e efetiva na sociedade em igualdade de condi\u00e7\u00f5es com as demais pessoas.<\/p>\n<p>Conforme o projeto, dificultar ou discriminar a obten\u00e7\u00e3o de vaga ser\u00e1 considerado viola\u00e7\u00e3o de direitos humanos, com puni\u00e7\u00f5es penais e medidas administrativas pertinentes. \u201cSegundo o Instituto de Geografia e Estat\u00edstica [IBGE], quase 25 % dos brasileiros possuem algum tipo de defici\u00eancia. Parcela significativa desta popula\u00e7\u00e3o encontra enormes obst\u00e1culos, dentre eles, o acesso \u00e0 educa\u00e7\u00e3o e ao mercado de trabalho\u201d, afirmou.<\/p>\n<p>Ainda de acordo com Onevan de Matos, na contram\u00e3o da estat\u00edstica, a maioria absoluta dos deficientes que participam efetivamente da sociedade e ocupam os postos de trabalho, atribui a supera\u00e7\u00e3o \u00e0s oportunidades educacionais. \u201cNosso projeto visa facilitar e promover o acesso dos deficientes \u00e0 escola mais pr\u00f3xima de sua casa ou local de trabalho, dando oportunidade de\u00a0receber educa\u00e7\u00e3o e forma\u00e7\u00e3o de qualidade, est\u00edmulos para intera\u00e7\u00e3o social, al\u00e9m de contribuir para a vida em sociedade\u201d, justificou o deputado.<\/p>\n<p>O parlamentar acrescentou que a proposi\u00e7\u00e3o n\u00e3o invade compet\u00eancia privativa do chefe do Executivo, como tamb\u00e9m n\u00e3o haver\u00e1 aumento de despesas, uma vez que t\u00e3o somente ser\u00e3o reorganizadas as prioridades de matr\u00edculas escolares.<\/p>\n","protected":false},"excerpt":{"rendered":"<p>Estabelecimentos de ensino p\u00fablico e privado dever\u00e3o assegurar ao portador de defici\u00eancia o direito de&#8230;<\/p>\n","protected":false},"author":1,"featured_media":0,"comment_status":"closed","ping_status":"closed","sticky":false,"template":"","format":"standard","meta":{"footnotes":""},"categories":[19],"tags":[],"class_list":["post-15782","post","type-post","status-publish","format-standard","hentry","category-politica"],"_links":{"self":[{"href":"https:\/\/www.corumbaonline.com.br\/news\/wp-json\/wp\/v2\/posts\/15782","targetHints":{"allow":["GET"]}}],"collection":[{"href":"https:\/\/www.corumbaonline.com.br\/news\/wp-json\/wp\/v2\/posts"}],"about":[{"href":"https:\/\/www.corumbaonline.com.br\/news\/wp-json\/wp\/v2\/types\/post"}],"author":[{"embeddable":true,"href":"https:\/\/www.corumbaonline.com.br\/news\/wp-json\/wp\/v2\/users\/1"}],"replies":[{"embeddable":true,"href":"https:\/\/www.corumbaonline.com.br\/news\/wp-json\/wp\/v2\/comments?post=15782"}],"version-history":[{"count":1,"href":"https:\/\/www.corumbaonline.com.br\/news\/wp-json\/wp\/v2\/posts\/15782\/revisions"}],"predecessor-version":[{"id":15783,"href":"https:\/\/www.corumbaonline.com.br\/news\/wp-json\/wp\/v2\/posts\/15782\/revisions\/15783"}],"wp:attachment":[{"href":"https:\/\/www.corumbaonline.com.br\/news\/wp-json\/wp\/v2\/media?parent=15782"}],"wp:term":[{"taxonomy":"category","embeddable":true,"href":"https:\/\/www.corumbaonline.com.br\/news\/wp-json\/wp\/v2\/categories?post=15782"},{"taxonomy":"post_tag","embeddable":true,"href":"https:\/\/www.corumbaonline.com.br\/news\/wp-json\/wp\/v2\/tags?post=15782"}],"curies":[{"name":"wp","href":"https:\/\/api.w.org\/{rel}","templated":true}]}}