{"id":15787,"date":"2018-04-03T11:15:12","date_gmt":"2018-04-03T15:15:12","guid":{"rendered":"http:\/\/www.corumbaonline.com.br\/news\/?p=15787"},"modified":"2018-04-03T11:59:25","modified_gmt":"2018-04-03T15:59:25","slug":"mochi-recua-e-retira-de-pauta-votacao-de-reajuste-de-servidores-estaduais","status":"publish","type":"post","link":"https:\/\/www.corumbaonline.com.br\/news\/mochi-recua-e-retira-de-pauta-votacao-de-reajuste-de-servidores-estaduais\/","title":{"rendered":"Mochi recua e retira de pauta vota\u00e7\u00e3o de reajuste de servidores estaduais"},"content":{"rendered":"<p>O presidente da Assembleia Legislativa de Mato Grosso do Sul, deputado Junior Mochi (PMDB), retirou da pauta desta ter\u00e7a-feira (3) a vota\u00e7\u00e3o do projeto de reajuste salarial de 3,04% aos 75 mil servidores do Estado, ap\u00f3s pedido da Fetems (Federa\u00e7\u00e3o dos Trabalhadores em Educa\u00e7\u00e3o de MS).<\/p>\n<p>A requisi\u00e7\u00e3o se baseou no fato de que a vota\u00e7\u00e3o estava programada para ocorrer nesta manh\u00e3, antes de uma audi\u00eancia p\u00fablica entre os servidores programada para as 14h, que iria justamente discutir as particularidades do projeto de reajuste.<\/p>\n<p>Nesta manh\u00e3, na sess\u00e3o do Legislativo, o deputado Jo\u00e3o Grand\u00e3o (PT) fez uma requisi\u00e7\u00e3o para que o coordenador da Federa\u00e7\u00e3o, Ricardo Bueno, fosse incluso nas falas na tribuna. A princ\u00edpio, Mochi foi irredut\u00edvel quanto \u00e0 inclus\u00e3o do sindicalista.<\/p>\n<p>Segundo o presidente da Casa, o requerimento para inclus\u00e3o de oradores nas sess\u00f5es da Assembleia deveria ter sido feito com 48h de anteced\u00eancia, conforme determina o c\u00f3digo regimental da Casa.<\/p>\n<p>Al\u00e9m disso, Mochi alegou que apenas um orador por sess\u00e3o poderia ser admitido via requerimento. Na \u00faltima quinta-feira (29), a deputada Mara Caseiro pediu a inclus\u00e3o do presidente do Sindicato dos Corretores de Im\u00f3veis na sess\u00e3o desta ter\u00e7a, o que j\u00e1 foi aprovado pelos parlamentares.<\/p>\n<p>Dessa forma, segundo Mochi, apenas a deputada poderia retirar o requerimento e dar lugar ao coordenador da Fetems na tribuna. Entretanto, a parlamentar n\u00e3o estava presente nessa sess\u00e3o.<\/p>\n<p>Em contrapartida, o deputado Cabo Almi pediu que, em respeito aos servidores, que pelo menos fosse realizada a audi\u00eancia p\u00fablica antes da vota\u00e7\u00e3o do projeto. A reivindi\u00e7\u00e3o atende pedido da FETEMS, que organiza uma manifesta\u00e7\u00e3o contra a vota\u00e7\u00e3o do projeto nesta manh\u00e3.<\/p>\n<p>Em resposta ao deputado, Mochi retirou de pauta a vota\u00e7\u00e3o do projeto de lei, que ter\u00e1 nova data para ser definido. A FETEMS se organiza em frente \u00e0 Assembleia nesta manh\u00e3 para um almo\u00e7o, seguido da audi\u00eancia p\u00fablica \u00e0s 14h.<\/p>\n","protected":false},"excerpt":{"rendered":"<p>O presidente da Assembleia Legislativa de Mato Grosso do Sul, deputado Junior Mochi (PMDB), retirou&#8230;<\/p>\n","protected":false},"author":1,"featured_media":0,"comment_status":"closed","ping_status":"closed","sticky":false,"template":"","format":"standard","meta":{"footnotes":""},"categories":[19],"tags":[],"class_list":["post-15787","post","type-post","status-publish","format-standard","hentry","category-politica"],"_links":{"self":[{"href":"https:\/\/www.corumbaonline.com.br\/news\/wp-json\/wp\/v2\/posts\/15787","targetHints":{"allow":["GET"]}}],"collection":[{"href":"https:\/\/www.corumbaonline.com.br\/news\/wp-json\/wp\/v2\/posts"}],"about":[{"href":"https:\/\/www.corumbaonline.com.br\/news\/wp-json\/wp\/v2\/types\/post"}],"author":[{"embeddable":true,"href":"https:\/\/www.corumbaonline.com.br\/news\/wp-json\/wp\/v2\/users\/1"}],"replies":[{"embeddable":true,"href":"https:\/\/www.corumbaonline.com.br\/news\/wp-json\/wp\/v2\/comments?post=15787"}],"version-history":[{"count":1,"href":"https:\/\/www.corumbaonline.com.br\/news\/wp-json\/wp\/v2\/posts\/15787\/revisions"}],"predecessor-version":[{"id":15788,"href":"https:\/\/www.corumbaonline.com.br\/news\/wp-json\/wp\/v2\/posts\/15787\/revisions\/15788"}],"wp:attachment":[{"href":"https:\/\/www.corumbaonline.com.br\/news\/wp-json\/wp\/v2\/media?parent=15787"}],"wp:term":[{"taxonomy":"category","embeddable":true,"href":"https:\/\/www.corumbaonline.com.br\/news\/wp-json\/wp\/v2\/categories?post=15787"},{"taxonomy":"post_tag","embeddable":true,"href":"https:\/\/www.corumbaonline.com.br\/news\/wp-json\/wp\/v2\/tags?post=15787"}],"curies":[{"name":"wp","href":"https:\/\/api.w.org\/{rel}","templated":true}]}}