{"id":15797,"date":"2018-04-03T14:17:11","date_gmt":"2018-04-03T18:17:11","guid":{"rendered":"http:\/\/www.corumbaonline.com.br\/news\/?p=15797"},"modified":"2018-04-03T12:39:54","modified_gmt":"2018-04-03T16:39:54","slug":"prefeito-recebe-instituto-de-pessoas-com-sindrome-de-down-do-pantanal","status":"publish","type":"post","link":"https:\/\/www.corumbaonline.com.br\/news\/prefeito-recebe-instituto-de-pessoas-com-sindrome-de-down-do-pantanal\/","title":{"rendered":"Prefeito recebe Instituto de Pessoas com S\u00edndrome de Down do Pantanal"},"content":{"rendered":"<p>O prefeito Marcelo Iunes recebeu nessa segunda-feira, 2 de abril, a visita dos representantes do Instituto de Pessoas com S\u00edndrome de Down do Pantanal (Pesdpan). Durante a agenda, o chefe do Executivo municipal conheceu mais sobre o trabalho e ouviu as principais demandas da institui\u00e7\u00e3o.<\/p>\n<p>&nbsp;<\/p>\n<p>\u201cEsses pais tem uma a\u00e7\u00e3o extremamente importante, n\u00e3o s\u00f3 para seu pr\u00f3prios filhos, mas para toda comunidade. Faremos o que for poss\u00edvel para facilitar e at\u00e9 mesmo ampliar esse trabalho essencial em nossa cidade\u201d, assegurou Marcelo Iunes.<\/p>\n<p>&nbsp;<\/p>\n<p>\u201cProcuramos a Prefeitura para ter um apoio, pois somos pais e temos a necessidade de fortalecer as atividades com nossos filhos. Sa\u00edmos daqui satisfeitos com o resultado dessa reuni\u00e3o e com uma expectativa muito grande de conseguirmos concretizar nosso maior objetivo, que \u00e9 ter nosso espa\u00e7o f\u00edsico\u201d, comentou Viviane Ametlla.<\/p>\n<p>&nbsp;<\/p>\n<p>O Pesdpan \u00e9 uma organiza\u00e7\u00e3o civil, sem fins lucrativos, que busca melhorar a qualidade de vida das pessoas com S\u00edndrome de Down e seus familiares. Tem como objetivos gerais reunir as pessoas com S\u00edndrome de Down, assim como seus familiares, amigos e colaboradores, com intuito de participar ativamente no processo transforma\u00e7\u00e3o para um mundo melhor.<\/p>\n<p>&nbsp;<\/p>\n<p>A institui\u00e7\u00e3o tamb\u00e9m busca estimular e promover amplos debates, incentivar o conhecimento e interesse cient\u00edfico pela S\u00edndrome de Down, divulgar leis, acolher e dar apoio a todos os novos beb\u00eas com S\u00edndrome de Down em acordo com desejos dos pais.<\/p>\n","protected":false},"excerpt":{"rendered":"<p>O prefeito Marcelo Iunes recebeu nessa segunda-feira, 2 de abril, a visita dos representantes do&#8230;<\/p>\n","protected":false},"author":1,"featured_media":15798,"comment_status":"closed","ping_status":"closed","sticky":false,"template":"","format":"standard","meta":{"footnotes":""},"categories":[14],"tags":[],"class_list":["post-15797","post","type-post","status-publish","format-standard","has-post-thumbnail","hentry","category-geral"],"_links":{"self":[{"href":"https:\/\/www.corumbaonline.com.br\/news\/wp-json\/wp\/v2\/posts\/15797","targetHints":{"allow":["GET"]}}],"collection":[{"href":"https:\/\/www.corumbaonline.com.br\/news\/wp-json\/wp\/v2\/posts"}],"about":[{"href":"https:\/\/www.corumbaonline.com.br\/news\/wp-json\/wp\/v2\/types\/post"}],"author":[{"embeddable":true,"href":"https:\/\/www.corumbaonline.com.br\/news\/wp-json\/wp\/v2\/users\/1"}],"replies":[{"embeddable":true,"href":"https:\/\/www.corumbaonline.com.br\/news\/wp-json\/wp\/v2\/comments?post=15797"}],"version-history":[{"count":1,"href":"https:\/\/www.corumbaonline.com.br\/news\/wp-json\/wp\/v2\/posts\/15797\/revisions"}],"predecessor-version":[{"id":15799,"href":"https:\/\/www.corumbaonline.com.br\/news\/wp-json\/wp\/v2\/posts\/15797\/revisions\/15799"}],"wp:featuredmedia":[{"embeddable":true,"href":"https:\/\/www.corumbaonline.com.br\/news\/wp-json\/wp\/v2\/media\/15798"}],"wp:attachment":[{"href":"https:\/\/www.corumbaonline.com.br\/news\/wp-json\/wp\/v2\/media?parent=15797"}],"wp:term":[{"taxonomy":"category","embeddable":true,"href":"https:\/\/www.corumbaonline.com.br\/news\/wp-json\/wp\/v2\/categories?post=15797"},{"taxonomy":"post_tag","embeddable":true,"href":"https:\/\/www.corumbaonline.com.br\/news\/wp-json\/wp\/v2\/tags?post=15797"}],"curies":[{"name":"wp","href":"https:\/\/api.w.org\/{rel}","templated":true}]}}