{"id":15802,"date":"2018-04-03T16:00:25","date_gmt":"2018-04-03T20:00:25","guid":{"rendered":"http:\/\/www.corumbaonline.com.br\/news\/?p=15802"},"modified":"2018-04-03T17:30:38","modified_gmt":"2018-04-03T21:30:38","slug":"municipio-e-estado-discutem-estrutura-do-festival-america-do-sul-pantanal","status":"publish","type":"post","link":"https:\/\/www.corumbaonline.com.br\/news\/municipio-e-estado-discutem-estrutura-do-festival-america-do-sul-pantanal\/","title":{"rendered":"Munic\u00edpio e Estado discutem estrutura do Festival Am\u00e9rica do Sul Pantanal"},"content":{"rendered":"<p>Prefeitura e Governo do Estado se reuniram ao longo de toda a manh\u00e3 desta ter\u00e7a-feira, 03 de abril, para discutir toda a estrutura log\u00edstica para a 14\u00aa edi\u00e7\u00e3o do Festival Am\u00e9rica do Sul Pantanal (FASP), que vai acontecer em Corumb\u00e1 de 24 a 27 de maio. O evento deste ano ter\u00e1 atividades nas cidades de Corumb\u00e1, Lad\u00e1rio e nas bolivianas Puerto Quijarro e Puerto Su\u00e1rez.<\/p>\n<p>&nbsp;<\/p>\n<p>\u201cFechamos as demandas que ficam por conta do Munic\u00edpio. O Festival \u00e9 nosso e a popula\u00e7\u00e3o deve se apropriar\u201d, disse o diretor-presidente da Funda\u00e7\u00e3o da Cultura, Joilson Silva da Cruz. Ele destacou que a reuni\u00e3o definiu um \u201calinhamento\u201d fundamental para o sucesso do evento.<\/p>\n<p>&nbsp;<\/p>\n<p>Na programa\u00e7\u00e3o do FASP est\u00e1 prevista a presen\u00e7a de participantes de 10 pa\u00edses do continente sul-americano, envolvendo v\u00e1rias \u00e1reas art\u00edsticas como artesanato, artes c\u00eanicas, cinema, artes visuais, literatura, gastronomia e m\u00fasica. O Festival ter\u00e1 v\u00e1rias atividades voltadas para o debate sobre o patrim\u00f4nio hist\u00f3rico, a economia criativa e as artes de rua. Tamb\u00e9m est\u00e3o programadas oficinas, palestras, exposi\u00e7\u00f5es e um semin\u00e1rio sobre cultura e cidadania.<\/p>\n<p>&nbsp;<\/p>\n<p>Produtor-executivo do 14\u00b0 FASP, Jerry Esp\u00edndola, afirmou que a proposta do Festival deste ano \u00e9 \u201cvalorizar a cidade a arte que acontece aqui, os artistas e os espa\u00e7os\u201d. Esp\u00edndola ressaltou que o Governo do Estado e a Prefeitura trabalham \u201cpara que Corumb\u00e1 abrace o Festival; que tenhamos a presen\u00e7a da popula\u00e7\u00e3o em todos os eventos e que tamb\u00e9m a popula\u00e7\u00e3o se veja no Festival, veja seus artistas e sua cidade brilhando. Convocamos todos os corumbaenses a abra\u00e7ar esse grande festival que vai acontecer\u201d, disse.<\/p>\n<p>&nbsp;<\/p>\n<p>A 14\u00aa edi\u00e7\u00e3o do Festival Am\u00e9rica do Sul Pantanal ter\u00e1 novidades no formato com uma programa\u00e7\u00e3o intensa e reformulada. Contar\u00e1 com participa\u00e7\u00e3o ativa dos estudantes, professores e artistas corumbaenses e ladarenses. O lan\u00e7amento oficial do FASP est\u00e1 previsto para este m\u00eas de abril em Campo Grande e Corumb\u00e1.<\/p>\n","protected":false},"excerpt":{"rendered":"<p>Prefeitura e Governo do Estado se reuniram ao longo de toda a manh\u00e3 desta ter\u00e7a-feira,&#8230;<\/p>\n","protected":false},"author":1,"featured_media":15803,"comment_status":"closed","ping_status":"closed","sticky":false,"template":"","format":"standard","meta":{"footnotes":""},"categories":[7,14],"tags":[],"class_list":["post-15802","post","type-post","status-publish","format-standard","has-post-thumbnail","hentry","category-cultura","category-geral"],"_links":{"self":[{"href":"https:\/\/www.corumbaonline.com.br\/news\/wp-json\/wp\/v2\/posts\/15802","targetHints":{"allow":["GET"]}}],"collection":[{"href":"https:\/\/www.corumbaonline.com.br\/news\/wp-json\/wp\/v2\/posts"}],"about":[{"href":"https:\/\/www.corumbaonline.com.br\/news\/wp-json\/wp\/v2\/types\/post"}],"author":[{"embeddable":true,"href":"https:\/\/www.corumbaonline.com.br\/news\/wp-json\/wp\/v2\/users\/1"}],"replies":[{"embeddable":true,"href":"https:\/\/www.corumbaonline.com.br\/news\/wp-json\/wp\/v2\/comments?post=15802"}],"version-history":[{"count":1,"href":"https:\/\/www.corumbaonline.com.br\/news\/wp-json\/wp\/v2\/posts\/15802\/revisions"}],"predecessor-version":[{"id":15804,"href":"https:\/\/www.corumbaonline.com.br\/news\/wp-json\/wp\/v2\/posts\/15802\/revisions\/15804"}],"wp:featuredmedia":[{"embeddable":true,"href":"https:\/\/www.corumbaonline.com.br\/news\/wp-json\/wp\/v2\/media\/15803"}],"wp:attachment":[{"href":"https:\/\/www.corumbaonline.com.br\/news\/wp-json\/wp\/v2\/media?parent=15802"}],"wp:term":[{"taxonomy":"category","embeddable":true,"href":"https:\/\/www.corumbaonline.com.br\/news\/wp-json\/wp\/v2\/categories?post=15802"},{"taxonomy":"post_tag","embeddable":true,"href":"https:\/\/www.corumbaonline.com.br\/news\/wp-json\/wp\/v2\/tags?post=15802"}],"curies":[{"name":"wp","href":"https:\/\/api.w.org\/{rel}","templated":true}]}}