{"id":15814,"date":"2018-04-03T17:34:34","date_gmt":"2018-04-03T21:34:34","guid":{"rendered":"http:\/\/www.corumbaonline.com.br\/news\/?p=15814"},"modified":"2018-04-03T17:46:19","modified_gmt":"2018-04-03T21:46:19","slug":"aneel-autoriza-aumento-na-conta-de-luz-para-consumidores-de-mt-e-ms","status":"publish","type":"post","link":"https:\/\/www.corumbaonline.com.br\/news\/aneel-autoriza-aumento-na-conta-de-luz-para-consumidores-de-mt-e-ms\/","title":{"rendered":"Aneel autoriza aumento na conta de luz para consumidores de MT e MS"},"content":{"rendered":"<p>A Aneel (Ag\u00eancia Nacional de Energia El\u00e9trica) aprovou\u00a0hoje\u00a0o reajuste nas contas de energia el\u00e9trica para consumidores dos estados de Mato Grosso e Mato Grosso do Sul. as novas tarifas passam a valer a partir do pr\u00f3ximo\u00a0domingo\u00a0e v\u00e3o atingir um total\u00a0de 2,3 milh\u00f5es de unidades consumidoras em 314 munic\u00edpios nos dois estados.<\/p>\n<p>Para os consumidores atendidos pela Energisa Mato Grosso do Sul (EMS), o reajuste m\u00e9dio nas tarifas ser\u00e1 de 9,87%. Para os consumidores residenciais das zonas urbana e rural, atendidos pela baixa tens\u00e3o, o aumento alcan\u00e7ar\u00e1 10,65%. J\u00e1 as grandes empresas, que usam a rede de alta-tens\u00e3o, ter\u00e3o aumento de 7,91%.<\/p>\n<p>O reajuste faz parte da revis\u00e3o tarifaria da concession\u00e1ria, que ocorre periodicamente a cada cinco anos, segundo o contrato firmado na d\u00e9cada de 1997. A EMS atende a maioria das cidades de Mato Grosso do Sul, atingindo um\u00a0milh\u00e3o de unidades consumidoras em 73 munic\u00edpios do estado.<\/p>\n<p>J\u00e1 em Mato Grosso, o reajuste ocorrer\u00e1 para os consumidores atendidos pela\u00a0Energisa Mato Grosso (EMT). A empresa atende a 1,3 milh\u00e3o de unidades consumidoras em 141 munic\u00edpios de Mato Grosso. Para estes consumidores, a Aneel autorizou o aumento m\u00e9dio de 11,53% nas contas de luz.<\/p>\n<p>As unidades do estado atendidas pela alta-tens\u00e3o ter\u00e3o reajuste com efeito m\u00e9dio de 5,94%. J\u00e1 para as unidades residenciais, o percentual \u00e9 mais que o dobro. Para estes consumidores, o reajuste m\u00e9dio alcan\u00e7ar\u00e1 13,98%.<\/p>\n","protected":false},"excerpt":{"rendered":"<p>A Aneel (Ag\u00eancia Nacional de Energia El\u00e9trica) aprovou\u00a0hoje\u00a0o reajuste nas contas de energia el\u00e9trica para&#8230;<\/p>\n","protected":false},"author":1,"featured_media":0,"comment_status":"closed","ping_status":"closed","sticky":false,"template":"","format":"standard","meta":{"footnotes":""},"categories":[9],"tags":[],"class_list":["post-15814","post","type-post","status-publish","format-standard","hentry","category-economia"],"_links":{"self":[{"href":"https:\/\/www.corumbaonline.com.br\/news\/wp-json\/wp\/v2\/posts\/15814","targetHints":{"allow":["GET"]}}],"collection":[{"href":"https:\/\/www.corumbaonline.com.br\/news\/wp-json\/wp\/v2\/posts"}],"about":[{"href":"https:\/\/www.corumbaonline.com.br\/news\/wp-json\/wp\/v2\/types\/post"}],"author":[{"embeddable":true,"href":"https:\/\/www.corumbaonline.com.br\/news\/wp-json\/wp\/v2\/users\/1"}],"replies":[{"embeddable":true,"href":"https:\/\/www.corumbaonline.com.br\/news\/wp-json\/wp\/v2\/comments?post=15814"}],"version-history":[{"count":1,"href":"https:\/\/www.corumbaonline.com.br\/news\/wp-json\/wp\/v2\/posts\/15814\/revisions"}],"predecessor-version":[{"id":15815,"href":"https:\/\/www.corumbaonline.com.br\/news\/wp-json\/wp\/v2\/posts\/15814\/revisions\/15815"}],"wp:attachment":[{"href":"https:\/\/www.corumbaonline.com.br\/news\/wp-json\/wp\/v2\/media?parent=15814"}],"wp:term":[{"taxonomy":"category","embeddable":true,"href":"https:\/\/www.corumbaonline.com.br\/news\/wp-json\/wp\/v2\/categories?post=15814"},{"taxonomy":"post_tag","embeddable":true,"href":"https:\/\/www.corumbaonline.com.br\/news\/wp-json\/wp\/v2\/tags?post=15814"}],"curies":[{"name":"wp","href":"https:\/\/api.w.org\/{rel}","templated":true}]}}