{"id":15827,"date":"2018-04-05T16:33:43","date_gmt":"2018-04-05T20:33:43","guid":{"rendered":"http:\/\/www.corumbaonline.com.br\/news\/?p=15827"},"modified":"2018-04-06T10:31:43","modified_gmt":"2018-04-06T14:31:43","slug":"prender-lula-sera-violencia-para-o-mundo-diz-gleisi-hoffmann","status":"publish","type":"post","link":"https:\/\/www.corumbaonline.com.br\/news\/prender-lula-sera-violencia-para-o-mundo-diz-gleisi-hoffmann\/","title":{"rendered":"\u201cPrender Lula ser\u00e1 viol\u00eancia para o mundo\u201d, diz Gleisi Hoffmann"},"content":{"rendered":"<p>A presidente nacional do PT, senadora Gleisi Hoffmann (PR), disse hoje (5) que a eventual pris\u00e3o do ex-presidente Luiz In\u00e1cio Lula da Silva &#8220;vai marcar negativamente a imagem do Brasil no exterior&#8221;. O comando nacional do PT est\u00e1 reunido desde o final da manh\u00e3, e a previs\u00e3o \u00e9 que haja uma segunda etapa de conversas nesta tarde no Diret\u00f3rio Nacional do partido em S\u00e3o Paulo, sem a presen\u00e7a de Lula.<\/p>\n<p>Pela manh\u00e3, al\u00e9m de Gleisi, estiveram reunidos, no Instituto Lula, em S\u00e3o Paulo, a ex-presidente da Rep\u00fablica Dilma Rousseff, o senador Lindbergh Farias (PT-RJ), o ex-prefeito de S\u00e3o Paulo Fernando Haddad (PT-SP), o l\u00edder do PT na C\u00e2mara, Paulo Pimenta (RS), e o deputado federal Paulo Teixeira (PT-SP). De acordo com Gleisi Hoffmann, foi uma reuni\u00e3o de avalia\u00e7\u00e3o.<\/p>\n<p>\u201cA pris\u00e3o do presidente ser\u00e1 uma injusti\u00e7a. N\u00e3o aceitamos essa pris\u00e3o como ela est\u00e1 estabelecida. Se acontecer qualquer viol\u00eancia ao presidente, n\u00f3s a consideramos uma pris\u00e3o pol\u00edtica e uma pris\u00e3o que vai expor o Brasil ao mundo\u201d, afirmou Gleisi Hoffmann. &#8220;Viraremos uma republiqueta de bananas\u201d, acrescentou.<\/p>\n<p>Sobre o estado de Lula, Gleisi disse que ele est\u00e1 tranquilo. \u201cEle est\u00e1 bem, sereno e tem a consci\u00eancia tranquila dos inocentes.\u201d<\/p>\n<p>Para o PT, a candidatura de Lula \u00e0 Presid\u00eancia da Rep\u00fablica \u00e9 vi\u00e1vel. \u201cO presidente Lula \u00e9 o nosso candidato primeiro porque \u00e9 inocente. Se \u00e9 inocente, tem direito a se candidatar. Ele ser\u00e1 candidato porque a candidatura dele n\u00e3o pertence mais ao Partido dos Trabalhadores, \u00e9 uma candidatura de uma parcela expressiva do povo brasileiro\u201d, disse Gleisi.<\/p>\n<p>O l\u00edder do PT na C\u00e2mara, Paulo Pimenta, questionou a atua\u00e7\u00e3o da presidente do Supremo, ministra C\u00e1rmen L\u00facia, no julgamento. \u201cIsso coloca a presidenta do Supremo Tribunal Federal no centro de uma ilegalidade e dessa viol\u00eancia institucional que foi cometida contra o ex-presidente Lula&#8221;, disse. \u201cN\u00e3o esgotamos os recursos jur\u00eddicos que podem ser alocados, portanto n\u00e3o h\u00e1 base legal nem previs\u00e3o constitucional para que o juiz S\u00e9rgio Moro possa adotar esse tipo de postura ou autorizar esse tipo de decis\u00e3o\u201d, acrescentou.<\/p>\n<p>Defesa<\/p>\n<p>No come\u00e7o da tarde, os advogados do ex-presidente informaram que v\u00e3o tomar todas as provid\u00eancias legais para garantir a liberdade de Lula. Os advogados alegam ainda que a condena\u00e7\u00e3o do ex-presidente desafia a jurisprud\u00eancia dos tribunais superiores e tamb\u00e9m os precedentes das cortes internacionais de direitos humanos. A nota \u00e9 assinada pelos advogados Cristiano Zanin Martins e Valeska Teixeira Martins<\/p>\n<p>\u201cViola a dignidade da pessoa humana e outras garantias fundamentais a denega\u00e7\u00e3o do habeas corpus ao ex-presidente Lula pelo STF ap\u00f3s a maioria dos ministros da Corte terem manifestado no plen\u00e1rio entendimento favor\u00e1vel \u00e0 interpreta\u00e7\u00e3o da garantia da presun\u00e7\u00e3o de inoc\u00eancia [CF art. 5\u00ba, XVII] tal como defendida nessa a\u00e7\u00e3o constitucional\u201d, informaram os advogados.<\/p>\n<p>A defesa acrescentou que ir\u00e1 tomar as medidas legalmente previstas para evitar que a antecipa\u00e7\u00e3o da pena imposta automaticamente pelo Tribunal Regional Federal da 4\u00aa Regi\u00e3o (TRF4) seja executada.<\/p>\n","protected":false},"excerpt":{"rendered":"<p>A presidente nacional do PT, senadora Gleisi Hoffmann (PR), disse hoje (5) que a eventual&#8230;<\/p>\n","protected":false},"author":1,"featured_media":0,"comment_status":"closed","ping_status":"closed","sticky":false,"template":"","format":"standard","meta":{"footnotes":""},"categories":[19],"tags":[],"class_list":["post-15827","post","type-post","status-publish","format-standard","hentry","category-politica"],"_links":{"self":[{"href":"https:\/\/www.corumbaonline.com.br\/news\/wp-json\/wp\/v2\/posts\/15827","targetHints":{"allow":["GET"]}}],"collection":[{"href":"https:\/\/www.corumbaonline.com.br\/news\/wp-json\/wp\/v2\/posts"}],"about":[{"href":"https:\/\/www.corumbaonline.com.br\/news\/wp-json\/wp\/v2\/types\/post"}],"author":[{"embeddable":true,"href":"https:\/\/www.corumbaonline.com.br\/news\/wp-json\/wp\/v2\/users\/1"}],"replies":[{"embeddable":true,"href":"https:\/\/www.corumbaonline.com.br\/news\/wp-json\/wp\/v2\/comments?post=15827"}],"version-history":[{"count":1,"href":"https:\/\/www.corumbaonline.com.br\/news\/wp-json\/wp\/v2\/posts\/15827\/revisions"}],"predecessor-version":[{"id":15828,"href":"https:\/\/www.corumbaonline.com.br\/news\/wp-json\/wp\/v2\/posts\/15827\/revisions\/15828"}],"wp:attachment":[{"href":"https:\/\/www.corumbaonline.com.br\/news\/wp-json\/wp\/v2\/media?parent=15827"}],"wp:term":[{"taxonomy":"category","embeddable":true,"href":"https:\/\/www.corumbaonline.com.br\/news\/wp-json\/wp\/v2\/categories?post=15827"},{"taxonomy":"post_tag","embeddable":true,"href":"https:\/\/www.corumbaonline.com.br\/news\/wp-json\/wp\/v2\/tags?post=15827"}],"curies":[{"name":"wp","href":"https:\/\/api.w.org\/{rel}","templated":true}]}}