{"id":15831,"date":"2018-04-05T16:48:01","date_gmt":"2018-04-05T20:48:01","guid":{"rendered":"http:\/\/www.corumbaonline.com.br\/news\/?p=15831"},"modified":"2018-04-06T10:35:50","modified_gmt":"2018-04-06T14:35:50","slug":"decisao-sobre-habeas-corpus-de-lula-repercute-na-imprensa-da-europa","status":"publish","type":"post","link":"https:\/\/www.corumbaonline.com.br\/news\/decisao-sobre-habeas-corpus-de-lula-repercute-na-imprensa-da-europa\/","title":{"rendered":"Decis\u00e3o sobre habeas corpus de Lula repercute na imprensa da Europa"},"content":{"rendered":"<p>O julgamento do\u00a0<em>habeas corpus<\/em>\u00a0do ex-presidente Lu\u00eds In\u00e1cio Lula da Silva pelo Supremo Tribunal Federal ganhou destaque hoje (5) nos meios de comunica\u00e7\u00e3o ao redor do mundo. Na Europa, jornais como o italiano\u00a0<em>Corriere della Sera\u00a0<\/em>e o franc\u00eas\u00a0<em>Le Figaro<\/em>\u00a0afirmaram em suas manchetes que Lula est\u00e1 a um passo de ser preso.<\/p>\n<p>O\u00a0<em>Le Figaro<\/em>\u00a0declarou que Lula, que at\u00e9 ontem era o candidato favorito \u00e0s elei\u00e7\u00f5es presidenciais, deve ser preso em breve, provavelmente na semana que vem.<\/p>\n<p>&#8220;Em teoria, agora nenhum obst\u00e1culo separa o \u00edcone da esquerda da pris\u00e3o, mas, de acordo com muitos juristas, ele n\u00e3o deve ser preso at\u00e9 a semana que vem, provavelmente na ter\u00e7a-feira&#8221;, afirmou o jornal.<\/p>\n<p>Para o italiano\u00a0<em>Corriere della Sera<\/em>, a decis\u00e3o do STF \u00e9 um golpe para Lula e para o Partido dos Trabalhadores (PT), que devem come\u00e7ar a preparar uma candidatura alternativa para as elei\u00e7\u00f5es presidenciais deste ano.<\/p>\n<p>&#8220;Para alguns, Lula \u00e9 o s\u00edmbolo da corrup\u00e7\u00e3o pol\u00edtica; para outros \u00e9 um her\u00f3i popular v\u00edtima de uma conspira\u00e7\u00e3o golpista&#8221;, disse o jornal.<\/p>\n<p>A brit\u00e2nica\u00a0<em>BBC<\/em>\u00a0destacou que, por decis\u00e3o da Suprema Corte, Lula dever\u00e1 aguardar o julgamento dos recursos na pris\u00e3o. O texto afirma que as batalhas judiciais de Lula dividiram os brasileiros e que essa decis\u00e3o n\u00e3o foi diferente.<\/p>\n<p>&#8220;Seus cr\u00edticos lan\u00e7aram fogos de artif\u00edcio em comemora\u00e7\u00e3o. Os partid\u00e1rios de Lula foram para casa furiosos com o que dizem ser uma afronta \u00e0 democracia e um golpe&#8221;, disse a<em>\u00a0BBC.<\/em><\/p>\n<p><strong>Pris\u00e3o iminente<\/strong><\/p>\n<p>O espanhol\u00a0<em>El Pa\u00eds<\/em>\u00a0deu destaque \u00e0 iminente pris\u00e3o de Lula. O jornal afirma que \u00e9 poss\u00edvel que a reclus\u00e3o de Lula, &#8220;um dos l\u00edderes pol\u00edticos mais populares do planeta h\u00e1 uma d\u00e9cada&#8221;, seja breve j\u00e1 que a defesa ainda pode recorrer.<\/p>\n<p>Em Portugal, os jornais<em>\u00a0Expresso<\/em>\u00a0e\u00a0<em>Di\u00e1rio de Not\u00edcias<\/em>\u00a0tamb\u00e9m noticiaram o julgamento. Ambos ressaltaram que a pris\u00e3o de Lula n\u00e3o deve ser imediata.<\/p>\n<p>&#8220;A decis\u00e3o do STF ser\u00e1 depois remetida para as inst\u00e2ncias judiciais inferiores e caber\u00e1 ao juiz S\u00e9rgio Moro a ordem de pris\u00e3o efetiva&#8221;, afirmou o\u00a0<em>Di\u00e1rio<\/em>. &#8220;A execu\u00e7\u00e3o provis\u00f3ria da pena n\u00e3o dever\u00e1 impedir juridicamente a candidatura presidencial de Lula da Silva, \u00e0 frente nas sondagens para as elei\u00e7\u00f5es de outubro&#8221;.<\/p>\n","protected":false},"excerpt":{"rendered":"<p>O julgamento do\u00a0habeas corpus\u00a0do ex-presidente Lu\u00eds In\u00e1cio Lula da Silva pelo Supremo Tribunal Federal ganhou&#8230;<\/p>\n","protected":false},"author":1,"featured_media":0,"comment_status":"closed","ping_status":"closed","sticky":false,"template":"","format":"standard","meta":{"footnotes":""},"categories":[19],"tags":[],"class_list":["post-15831","post","type-post","status-publish","format-standard","hentry","category-politica"],"_links":{"self":[{"href":"https:\/\/www.corumbaonline.com.br\/news\/wp-json\/wp\/v2\/posts\/15831","targetHints":{"allow":["GET"]}}],"collection":[{"href":"https:\/\/www.corumbaonline.com.br\/news\/wp-json\/wp\/v2\/posts"}],"about":[{"href":"https:\/\/www.corumbaonline.com.br\/news\/wp-json\/wp\/v2\/types\/post"}],"author":[{"embeddable":true,"href":"https:\/\/www.corumbaonline.com.br\/news\/wp-json\/wp\/v2\/users\/1"}],"replies":[{"embeddable":true,"href":"https:\/\/www.corumbaonline.com.br\/news\/wp-json\/wp\/v2\/comments?post=15831"}],"version-history":[{"count":1,"href":"https:\/\/www.corumbaonline.com.br\/news\/wp-json\/wp\/v2\/posts\/15831\/revisions"}],"predecessor-version":[{"id":15832,"href":"https:\/\/www.corumbaonline.com.br\/news\/wp-json\/wp\/v2\/posts\/15831\/revisions\/15832"}],"wp:attachment":[{"href":"https:\/\/www.corumbaonline.com.br\/news\/wp-json\/wp\/v2\/media?parent=15831"}],"wp:term":[{"taxonomy":"category","embeddable":true,"href":"https:\/\/www.corumbaonline.com.br\/news\/wp-json\/wp\/v2\/categories?post=15831"},{"taxonomy":"post_tag","embeddable":true,"href":"https:\/\/www.corumbaonline.com.br\/news\/wp-json\/wp\/v2\/tags?post=15831"}],"curies":[{"name":"wp","href":"https:\/\/api.w.org\/{rel}","templated":true}]}}