{"id":15835,"date":"2018-04-05T17:00:29","date_gmt":"2018-04-05T21:00:29","guid":{"rendered":"http:\/\/www.corumbaonline.com.br\/news\/?p=15835"},"modified":"2018-04-06T10:39:22","modified_gmt":"2018-04-06T14:39:22","slug":"mais-de-1-milhao-de-pessoas-ja-pediram-isencao-no-enem-2018","status":"publish","type":"post","link":"https:\/\/www.corumbaonline.com.br\/news\/mais-de-1-milhao-de-pessoas-ja-pediram-isencao-no-enem-2018\/","title":{"rendered":"Mais de 1 milh\u00e3o de pessoas j\u00e1 pediram isen\u00e7\u00e3o no Enem 2018"},"content":{"rendered":"<p>At\u00e9 as 12h de hoje (5), 1,02 milh\u00e3o de pessoas solicitaram isen\u00e7\u00e3o da taxa de inscri\u00e7\u00e3o no Exame Nacional do Ensino M\u00e9dio (Enem) deste ano. O prazo para pedir o benef\u00edcio come\u00e7ou na \u00faltima segunda-feira (2) e termina no dia 11 de abril. O Instituto Nacional de Estudos e Pesquisas Educacionais An\u00edsio Teixeira (Inep) espera que cerca de 4 milh\u00f5es de pessoas pe\u00e7am a isen\u00e7\u00e3o da taxa.<\/p>\n<p>Neste ano, pela primeira vez o pedido de isen\u00e7\u00e3o da taxa de inscri\u00e7\u00e3o ser\u00e1 feito antes do per\u00edodo de inscri\u00e7\u00e3o. At\u00e9 o ano passado, os dois atos eram feitos simultaneamente. Tamb\u00e9m pela primeira vez os candidatos que tiveram a isen\u00e7\u00e3o no ano passado e faltaram aos dois dias de prova ter\u00e3o que justificar a aus\u00eancia para ter a gratuidade novamente.<\/p>\n<p>Tanto o pedido de isen\u00e7\u00e3o quanto a justificativa de aus\u00eancia devem ser feitas na\u00a0<a href=\"https:\/\/enem.inep.gov.br\/participante\/#!\/inicial\" target=\"_blank\" rel=\"noopener noreferrer\">P\u00e1gina do Enem 2018<\/a>. Todos os\u00a0<a href=\"https:\/\/enem.inep.gov.br\/participante\/#!\/loginParticipante\" target=\"_blank\" rel=\"noopener noreferrer\">interessados<\/a>em fazer o Enem 2018, isentos ou n\u00e3o, dever\u00e3o fazer a inscri\u00e7\u00e3o no exame entre 7 e 18 de maio.<\/p>\n<p>O resultado da solicita\u00e7\u00e3o de isen\u00e7\u00e3o ser\u00e1 divulgado no dia 23 de abril. Caso o pedido seja negado, a partir deste mesmo dia e at\u00e9 29 de abril, o interessado poder\u00e1 apresentar novos documentos. O resultado do recurso ser\u00e1 divulgado no dia 5 de maio e, se for negado, o interessado em fazer o Enem 2018 ainda ter\u00e1 a op\u00e7\u00e3o de fazer a inscri\u00e7\u00e3o e pagar a taxa de R$ 82.<\/p>\n<p><strong>Quem pode pedir isen\u00e7\u00e3o<\/strong><\/p>\n<p>Ser\u00e3o isentos os estudantes que estejam cursando a \u00faltima s\u00e9rie do ensino m\u00e9dio neste ano em escola da rede p\u00fablica, ou que tenha feito todo o ensino m\u00e9dio em escola da rede p\u00fablica ou como bolsista integral na rede privada e tenha renda\u00a0<em>per capita<\/em>\u00a0igual ou inferior a um sal\u00e1rio m\u00ednimo e meio.<\/p>\n<p>Tamb\u00e9m tem isen\u00e7\u00e3o o participante que declarar situa\u00e7\u00e3o de vulnerabilidade socioecon\u00f4mica, por ser membro de fam\u00edlia de baixa renda e que esteja inscrito no Cadastro \u00danico para Programas Sociais do Governo Federal (Cad\u00danico). Neste ano, tamb\u00e9m s\u00e3o isentos os participantes do Exame Nacional para Certifica\u00e7\u00e3o de Compet\u00eancias de Jovens e Adultos (Encceja) de 2017 que tenham atingido a nota m\u00ednima nas provas.<\/p>\n","protected":false},"excerpt":{"rendered":"<p>At\u00e9 as 12h de hoje (5), 1,02 milh\u00e3o de pessoas solicitaram isen\u00e7\u00e3o da taxa de&#8230;<\/p>\n","protected":false},"author":1,"featured_media":0,"comment_status":"closed","ping_status":"closed","sticky":false,"template":"","format":"standard","meta":{"footnotes":""},"categories":[10],"tags":[],"class_list":["post-15835","post","type-post","status-publish","format-standard","hentry","category-educacao"],"_links":{"self":[{"href":"https:\/\/www.corumbaonline.com.br\/news\/wp-json\/wp\/v2\/posts\/15835","targetHints":{"allow":["GET"]}}],"collection":[{"href":"https:\/\/www.corumbaonline.com.br\/news\/wp-json\/wp\/v2\/posts"}],"about":[{"href":"https:\/\/www.corumbaonline.com.br\/news\/wp-json\/wp\/v2\/types\/post"}],"author":[{"embeddable":true,"href":"https:\/\/www.corumbaonline.com.br\/news\/wp-json\/wp\/v2\/users\/1"}],"replies":[{"embeddable":true,"href":"https:\/\/www.corumbaonline.com.br\/news\/wp-json\/wp\/v2\/comments?post=15835"}],"version-history":[{"count":1,"href":"https:\/\/www.corumbaonline.com.br\/news\/wp-json\/wp\/v2\/posts\/15835\/revisions"}],"predecessor-version":[{"id":15836,"href":"https:\/\/www.corumbaonline.com.br\/news\/wp-json\/wp\/v2\/posts\/15835\/revisions\/15836"}],"wp:attachment":[{"href":"https:\/\/www.corumbaonline.com.br\/news\/wp-json\/wp\/v2\/media?parent=15835"}],"wp:term":[{"taxonomy":"category","embeddable":true,"href":"https:\/\/www.corumbaonline.com.br\/news\/wp-json\/wp\/v2\/categories?post=15835"},{"taxonomy":"post_tag","embeddable":true,"href":"https:\/\/www.corumbaonline.com.br\/news\/wp-json\/wp\/v2\/tags?post=15835"}],"curies":[{"name":"wp","href":"https:\/\/api.w.org\/{rel}","templated":true}]}}