{"id":15848,"date":"2018-04-06T10:25:42","date_gmt":"2018-04-06T14:25:42","guid":{"rendered":"http:\/\/www.corumbaonline.com.br\/news\/?p=15848"},"modified":"2018-04-06T10:51:09","modified_gmt":"2018-04-06T14:51:09","slug":"ms-comemora-brasil-livre-de-aftosa-e-inicia-trabalho-para-retirar-vacinacao-ate-2021","status":"publish","type":"post","link":"https:\/\/www.corumbaonline.com.br\/news\/ms-comemora-brasil-livre-de-aftosa-e-inicia-trabalho-para-retirar-vacinacao-ate-2021\/","title":{"rendered":"MS comemora Brasil livre de aftosa e inicia trabalho para retirar vacina\u00e7\u00e3o at\u00e9 2021"},"content":{"rendered":"<p>Incluso em uma a\u00e7\u00e3o nacional, Mato Grosso do Sul participou nesta quinta-feira (5) do Dia A em comemora\u00e7\u00e3o ao Brasil Livre da Febre Aftosa, com vacina\u00e7\u00e3o. A cerim\u00f4nia reuniu autoridades estaduais e do setor produtivo para falar dos avan\u00e7os alcan\u00e7ados em 12 anos sem ocorr\u00eancias da doen\u00e7a e lan\u00e7ar o desafio: retirar a necessidade da vacina\u00e7\u00e3o at\u00e9 2021.<\/p>\n<p>Representando o governador Reinaldo Azambuja, o titular da Secretaria de Estado de Meio Ambiente, Desenvolvimento Econ\u00f4mico, Produ\u00e7\u00e3o e Agricultura Familiar, (Semagro),\u00a0Jaime Verruck, iniciou parabenizando todos os trabalhadores, principalmente, a Ag\u00eancia Estadual de Defesa Sanit\u00e1ria Animal e Vegetal (Iagro), que contribu\u00edram para conquistar esse status.<\/p>\n<p>\u201cAgora temos que olhar para frente, estruturar a Iagro para pensar no futuro e nos preparar para esse novo cen\u00e1rio para que todos possamos comemorar em 2021 a dispensa da vacina\u00e7\u00e3o. Mato Grosso do Sul vai fazer todo o esfor\u00e7o, junto com a equipe de campo para atingirmos a nova meta\u201d, disse o secret\u00e1rio.<\/p>\n<p>Presidente da Iagro, Luciano Chiochetta, afirma que Mato Grosso do Sul \u00e9 pioneiro na luta contra a aftosa e esse reconhecimento nacional representa uma grande conquista tanto para os governantes de Mato Grosso do Sul quanto para os produtores. \u201c\u00c9 um ato muito importante para o Estado pois representa uma seguran\u00e7a forte para o mercado, fortalece nossa sanidade e consequentemente a nossa carne\u201d, destaca.<\/p>\n<p>Presidente da Famasul, Maur\u00edcio Saito, disse que o reconhecimento \u00e9 uma conquista para o setor produtivo e mesmo que momentaneamente tenhamos o impacto econ\u00f4mico que esperado, a partir disso o Estado pode atingir diversos mercados internacionais. \u201c\u00c9 um avan\u00e7o dos produtores, da tecnologia voltada ao campo e o apoio das institui\u00e7\u00f5es s\u00e3o fatores importantes que nos levaram a conseguir esse status\u201d, disse.<\/p>\n<p>Superintendente de Agricultura e Pecu\u00e1ria, Celso Martins, parabenizou o secret\u00e1rio Jaime Verruck por abra\u00e7ar a causa e trabalhar para o bem do setor estadual e citou que agora come\u00e7a uma nova fase de mudan\u00e7a de paradigma que vamos ter que trabalhar juntos de novo. Precisamos nos unir e buscar a sustentabilidade econ\u00f4mica dentro da sanidade animal\u201d.<\/p>\n<p>\u201cEstamos falando aqui de 123 anos e acho que essa \u00e9 uma data para louvar as conquistas que tivemos e refletir sobre elas, por que outras dificuldades vir\u00e3o e precisamos estar preparados. Nesse tempo constru\u00edmos um modelo s\u00f3lido de combate a doen\u00e7a, integrando governos estaduais e Federal\u201d, disse o superintendente.<\/p>\n<p>As a\u00e7\u00f5es desta semana v\u00e3o culminar em na 86\u00aa Sess\u00e3o Geral da Assembleia Mundial da OIE, de 20 a 25 de maio em Paris, Fran\u00e7a. Com a presen\u00e7a de delegados de 181 pa\u00edses membros, o Brasil receber\u00e1 o certificado internacional de zona livre de aftosa com vacina\u00e7\u00e3o.<\/p>\n","protected":false},"excerpt":{"rendered":"<p>Incluso em uma a\u00e7\u00e3o nacional, Mato Grosso do Sul participou nesta quinta-feira (5) do Dia&#8230;<\/p>\n","protected":false},"author":1,"featured_media":15849,"comment_status":"closed","ping_status":"closed","sticky":false,"template":"","format":"standard","meta":{"footnotes":""},"categories":[2,8],"tags":[],"class_list":["post-15848","post","type-post","status-publish","format-standard","has-post-thumbnail","hentry","category-agropecuaria","category-destaque"],"_links":{"self":[{"href":"https:\/\/www.corumbaonline.com.br\/news\/wp-json\/wp\/v2\/posts\/15848","targetHints":{"allow":["GET"]}}],"collection":[{"href":"https:\/\/www.corumbaonline.com.br\/news\/wp-json\/wp\/v2\/posts"}],"about":[{"href":"https:\/\/www.corumbaonline.com.br\/news\/wp-json\/wp\/v2\/types\/post"}],"author":[{"embeddable":true,"href":"https:\/\/www.corumbaonline.com.br\/news\/wp-json\/wp\/v2\/users\/1"}],"replies":[{"embeddable":true,"href":"https:\/\/www.corumbaonline.com.br\/news\/wp-json\/wp\/v2\/comments?post=15848"}],"version-history":[{"count":1,"href":"https:\/\/www.corumbaonline.com.br\/news\/wp-json\/wp\/v2\/posts\/15848\/revisions"}],"predecessor-version":[{"id":15850,"href":"https:\/\/www.corumbaonline.com.br\/news\/wp-json\/wp\/v2\/posts\/15848\/revisions\/15850"}],"wp:featuredmedia":[{"embeddable":true,"href":"https:\/\/www.corumbaonline.com.br\/news\/wp-json\/wp\/v2\/media\/15849"}],"wp:attachment":[{"href":"https:\/\/www.corumbaonline.com.br\/news\/wp-json\/wp\/v2\/media?parent=15848"}],"wp:term":[{"taxonomy":"category","embeddable":true,"href":"https:\/\/www.corumbaonline.com.br\/news\/wp-json\/wp\/v2\/categories?post=15848"},{"taxonomy":"post_tag","embeddable":true,"href":"https:\/\/www.corumbaonline.com.br\/news\/wp-json\/wp\/v2\/tags?post=15848"}],"curies":[{"name":"wp","href":"https:\/\/api.w.org\/{rel}","templated":true}]}}