{"id":15853,"date":"2018-04-05T17:30:49","date_gmt":"2018-04-05T21:30:49","guid":{"rendered":"http:\/\/www.corumbaonline.com.br\/news\/?p=15853"},"modified":"2018-04-06T10:58:28","modified_gmt":"2018-04-06T14:58:28","slug":"2o-forum-internacional-pedagogico-sindical-acontece-nesta-sexta-feira","status":"publish","type":"post","link":"https:\/\/www.corumbaonline.com.br\/news\/2o-forum-internacional-pedagogico-sindical-acontece-nesta-sexta-feira\/","title":{"rendered":"2\u00ba F\u00f3rum Internacional Pedag\u00f3gico Sindical acontece nesta sexta-feira"},"content":{"rendered":"<p>A Prefeitura de Corumb\u00e1, por meio da Secretaria Municipal de Educa\u00e7\u00e3o, em parceria com a Confederaci\u00f3n de Trabajadores de Educaci\u00f3n Urbana de Bol\u00edvia, promove o 2\u00ba F\u00f3rum Internacional Pedag\u00f3gico Sindical, nos dias 06 e 07 de abril de 2018, nos per\u00edodos matutino e vespertino, a partir das 8h30 no Centro de Conven\u00e7\u00f5es do Pantanal situado na Rua Domingos Sahib, 570 \u2013 Porto Geral.<\/p>\n<p>&nbsp;<\/p>\n<p>O evento contar\u00e1 com a participa\u00e7\u00e3o de 60 professores brasileiros da Rede Municipal de Ensino e 150 professores representantes de varias regi\u00f5es da Bol\u00edvia tais como: do Ocidente (La Paz, Oruro, Potos\u00ed, Atocha,Uncia, Uyuni, Villazon e Tupiza), Oriente ( Santa Cruz, Chiquitania, Robor\u00e9, Camiri,\u00a0 Andr\u00e9s Ib\u00e1\u00f1ez, Vallegrande, Beni, Magdalena, Riberalta, Guayaramer\u00edn e Pando) e Valle ( Cochabamba, Sucre, Tarija, Vermeja, Yacuiba, Villamontes)\u00a0\u00a0 da Bol\u00edvia.<\/p>\n<p>&nbsp;<\/p>\n<p>Com o objetivo de troca de experi\u00eancia a respeito de pol\u00edticas publicas da educa\u00e7\u00e3o em rela\u00e7\u00e3o a atua\u00e7\u00e3o docente, a discuss\u00e3o ser\u00e1 sobre o cotidiano do professor e garantias de direito.<\/p>\n<p>&nbsp;<\/p>\n<p>Segundo o secret\u00e1rio municipal de Educa\u00e7\u00e3o de Corumb\u00e1, Genilson Canavarro de Abreu, o F\u00f3rum \u201cser\u00e1 um momento de reflex\u00e3o sobre a carreira do professor e seus direitos, \u00e9 com grande satisfa\u00e7\u00e3o que recebemos os professores do pa\u00eds vizinho, conhecer a sua realidade, suas dificuldades enquanto profissional de educa\u00e7\u00e3o s\u00f3 vem acrescentar conhecimentos \u00e1 nossa rede municipal\u201d.<\/p>\n<p>&nbsp;<\/p>\n<p>O evento contar\u00e1 com a Participa\u00e7\u00e3o do Sindicato dos trabalhadores em Educa\u00e7\u00e3o de Corumb\u00e1 ( SINTED) .<\/p>\n","protected":false},"excerpt":{"rendered":"<p>A Prefeitura de Corumb\u00e1, por meio da Secretaria Municipal de Educa\u00e7\u00e3o, em parceria com a&#8230;<\/p>\n","protected":false},"author":1,"featured_media":0,"comment_status":"closed","ping_status":"closed","sticky":false,"template":"","format":"standard","meta":{"footnotes":""},"categories":[10],"tags":[],"class_list":["post-15853","post","type-post","status-publish","format-standard","hentry","category-educacao"],"_links":{"self":[{"href":"https:\/\/www.corumbaonline.com.br\/news\/wp-json\/wp\/v2\/posts\/15853","targetHints":{"allow":["GET"]}}],"collection":[{"href":"https:\/\/www.corumbaonline.com.br\/news\/wp-json\/wp\/v2\/posts"}],"about":[{"href":"https:\/\/www.corumbaonline.com.br\/news\/wp-json\/wp\/v2\/types\/post"}],"author":[{"embeddable":true,"href":"https:\/\/www.corumbaonline.com.br\/news\/wp-json\/wp\/v2\/users\/1"}],"replies":[{"embeddable":true,"href":"https:\/\/www.corumbaonline.com.br\/news\/wp-json\/wp\/v2\/comments?post=15853"}],"version-history":[{"count":1,"href":"https:\/\/www.corumbaonline.com.br\/news\/wp-json\/wp\/v2\/posts\/15853\/revisions"}],"predecessor-version":[{"id":15854,"href":"https:\/\/www.corumbaonline.com.br\/news\/wp-json\/wp\/v2\/posts\/15853\/revisions\/15854"}],"wp:attachment":[{"href":"https:\/\/www.corumbaonline.com.br\/news\/wp-json\/wp\/v2\/media?parent=15853"}],"wp:term":[{"taxonomy":"category","embeddable":true,"href":"https:\/\/www.corumbaonline.com.br\/news\/wp-json\/wp\/v2\/categories?post=15853"},{"taxonomy":"post_tag","embeddable":true,"href":"https:\/\/www.corumbaonline.com.br\/news\/wp-json\/wp\/v2\/tags?post=15853"}],"curies":[{"name":"wp","href":"https:\/\/api.w.org\/{rel}","templated":true}]}}