{"id":15857,"date":"2018-04-06T10:56:16","date_gmt":"2018-04-06T14:56:16","guid":{"rendered":"http:\/\/www.corumbaonline.com.br\/news\/?p=15857"},"modified":"2018-04-06T11:07:08","modified_gmt":"2018-04-06T15:07:08","slug":"diario-oficial-publica-exoneracao-de-ministros-que-serao-candidatos","status":"publish","type":"post","link":"https:\/\/www.corumbaonline.com.br\/news\/diario-oficial-publica-exoneracao-de-ministros-que-serao-candidatos\/","title":{"rendered":"Di\u00e1rio Oficial publica exonera\u00e7\u00e3o de ministros que ser\u00e3o candidatos"},"content":{"rendered":"<p>O\u00a0<a href=\"http:\/\/pesquisa.in.gov.br\/imprensa\/jsp\/visualiza\/index.jsp?data=06\/04\/2018&amp;jornal=529&amp;pagina=1\" target=\"_blank\" rel=\"noopener noreferrer\"><em>Di\u00e1rio Oficial da Uni\u00e3o<\/em><\/a>\u00a0de hoje (6) publicou a exonera\u00e7\u00e3o de ministros do governo do presidente Michel Temer que deixam o cargo para se candidatar nas elei\u00e7\u00f5es de outubro. A lei eleitoral prev\u00ea que os ministros que quiserem concorrer nas elei\u00e7\u00f5es t\u00eam at\u00e9 amanh\u00e3 (7) para deixar os cargos, na chamada desincompatibiliza\u00e7\u00e3o.<\/p>\n<p>Foram exonerados o ministro do Turismo, Marx Beltr\u00e3o; da Educa\u00e7\u00e3o, Mendon\u00e7a Filho; do Desenvolvimento Social, Osmar Terra; de Minas e Energia, Fernando Coelho Filho; do Esporte, Leonardo Picciani; e do Meio Ambiente, Jos\u00e9 Sarney Filho.<\/p>\n<p>A exce\u00e7\u00e3o entre os ministros exonerados hoje \u00e9 Dyogo Oliveira, que n\u00e3o vai se candidatar a cargo eletivo e deixa o Minist\u00e9rio do Planejamento para assumir a presid\u00eancia do Banco do Desenvolvimento Econ\u00f4mico e Social (BNDES).<\/p>\n","protected":false},"excerpt":{"rendered":"<p>O\u00a0Di\u00e1rio Oficial da Uni\u00e3o\u00a0de hoje (6) publicou a exonera\u00e7\u00e3o de ministros do governo do presidente&#8230;<\/p>\n","protected":false},"author":1,"featured_media":0,"comment_status":"closed","ping_status":"closed","sticky":false,"template":"","format":"standard","meta":{"footnotes":""},"categories":[19],"tags":[],"class_list":["post-15857","post","type-post","status-publish","format-standard","hentry","category-politica"],"_links":{"self":[{"href":"https:\/\/www.corumbaonline.com.br\/news\/wp-json\/wp\/v2\/posts\/15857","targetHints":{"allow":["GET"]}}],"collection":[{"href":"https:\/\/www.corumbaonline.com.br\/news\/wp-json\/wp\/v2\/posts"}],"about":[{"href":"https:\/\/www.corumbaonline.com.br\/news\/wp-json\/wp\/v2\/types\/post"}],"author":[{"embeddable":true,"href":"https:\/\/www.corumbaonline.com.br\/news\/wp-json\/wp\/v2\/users\/1"}],"replies":[{"embeddable":true,"href":"https:\/\/www.corumbaonline.com.br\/news\/wp-json\/wp\/v2\/comments?post=15857"}],"version-history":[{"count":1,"href":"https:\/\/www.corumbaonline.com.br\/news\/wp-json\/wp\/v2\/posts\/15857\/revisions"}],"predecessor-version":[{"id":15858,"href":"https:\/\/www.corumbaonline.com.br\/news\/wp-json\/wp\/v2\/posts\/15857\/revisions\/15858"}],"wp:attachment":[{"href":"https:\/\/www.corumbaonline.com.br\/news\/wp-json\/wp\/v2\/media?parent=15857"}],"wp:term":[{"taxonomy":"category","embeddable":true,"href":"https:\/\/www.corumbaonline.com.br\/news\/wp-json\/wp\/v2\/categories?post=15857"},{"taxonomy":"post_tag","embeddable":true,"href":"https:\/\/www.corumbaonline.com.br\/news\/wp-json\/wp\/v2\/tags?post=15857"}],"curies":[{"name":"wp","href":"https:\/\/api.w.org\/{rel}","templated":true}]}}