{"id":15862,"date":"2018-04-06T11:20:32","date_gmt":"2018-04-06T15:20:32","guid":{"rendered":"http:\/\/www.corumbaonline.com.br\/news\/?p=15862"},"modified":"2018-04-06T11:18:46","modified_gmt":"2018-04-06T15:18:46","slug":"defesa-de-lula-recorre-a-direitos-humanos-da-onu-para-evitar-prisao","status":"publish","type":"post","link":"https:\/\/www.corumbaonline.com.br\/news\/defesa-de-lula-recorre-a-direitos-humanos-da-onu-para-evitar-prisao\/","title":{"rendered":"Defesa de Lula recorre a Direitos Humanos da ONU para evitar pris\u00e3o"},"content":{"rendered":"<p>A defesa do ex-presidente Luiz In\u00e1cio Lula da Silva entrou com um pedido de liminar no Comit\u00ea de Direitos Humanos das Na\u00e7\u00f5es Unidas, com sede em Genebra, no qual pede que o \u00f3rg\u00e3o solicite ao governo brasileiro que impe\u00e7a a pris\u00e3o dele at\u00e9 que se esgotem os recursos contra sua condena\u00e7\u00e3o em todas as inst\u00e2ncias da Justi\u00e7a.<\/p>\n<p>Os advogados Cristiano Zanin, Valeska Zanin e Geoffrey Robertson alegam que o julgamento da \u00faltima quarta-feira (4), quando o\u00a0<a href=\"http:\/\/agenciabrasil.ebc.com.br\/politica\/noticia\/2018-04\/maioria-do-stf-nega-habeas-corpus-preventivo-lula\" target=\"_blank\" rel=\"noopener noreferrer\">Supremo Tribunal Federal (STF) rejeitou, por 6 a 5, um habeas corpus preventivo de Lula<\/a>, precisa ser examinado por um tribunal independente.<\/p>\n<p>\u201cA decis\u00e3o por uma estreita margem, tomada na quarta-feira, 04 de abril, pelo Supremo Tribunal Federal, demonstra a necessidade de um tribunal independente examinar se a presun\u00e7\u00e3o de inoc\u00eancia foi violada no caso de Lula, como tamb\u00e9m as alega\u00e7\u00f5es sobre as condutas tendenciosas do juiz S\u00e9rgio Moro e dos desembargadores contra o ex-presidente\u201d, disseram os advogados por meio de nota.<\/p>\n<p>Lula encontra-se neste momento no Sindicato dos Metal\u00fargicos, em S\u00e3o Bernardo do Campo. Ontem (6), o\u00a0<a href=\"http:\/\/agenciabrasil.ebc.com.br\/politica\/noticia\/2018-04\/sergio-moro-determina-prisao-do-ex-presidente-lula\" target=\"_blank\" rel=\"noopener noreferrer\">juiz federal Sergio Moro pediu a pris\u00e3o do ex-presidente<\/a>\u00a0no caso do tr\u00edplex no Guaruj\u00e1 (SP), determinando que ele se entregue \u00e0 Pol\u00edcia Federal at\u00e9 as 17h desta sexta-feira.<\/p>\n","protected":false},"excerpt":{"rendered":"<p>A defesa do ex-presidente Luiz In\u00e1cio Lula da Silva entrou com um pedido de liminar&#8230;<\/p>\n","protected":false},"author":1,"featured_media":0,"comment_status":"closed","ping_status":"closed","sticky":false,"template":"","format":"standard","meta":{"footnotes":""},"categories":[19],"tags":[],"class_list":["post-15862","post","type-post","status-publish","format-standard","hentry","category-politica"],"_links":{"self":[{"href":"https:\/\/www.corumbaonline.com.br\/news\/wp-json\/wp\/v2\/posts\/15862","targetHints":{"allow":["GET"]}}],"collection":[{"href":"https:\/\/www.corumbaonline.com.br\/news\/wp-json\/wp\/v2\/posts"}],"about":[{"href":"https:\/\/www.corumbaonline.com.br\/news\/wp-json\/wp\/v2\/types\/post"}],"author":[{"embeddable":true,"href":"https:\/\/www.corumbaonline.com.br\/news\/wp-json\/wp\/v2\/users\/1"}],"replies":[{"embeddable":true,"href":"https:\/\/www.corumbaonline.com.br\/news\/wp-json\/wp\/v2\/comments?post=15862"}],"version-history":[{"count":1,"href":"https:\/\/www.corumbaonline.com.br\/news\/wp-json\/wp\/v2\/posts\/15862\/revisions"}],"predecessor-version":[{"id":15863,"href":"https:\/\/www.corumbaonline.com.br\/news\/wp-json\/wp\/v2\/posts\/15862\/revisions\/15863"}],"wp:attachment":[{"href":"https:\/\/www.corumbaonline.com.br\/news\/wp-json\/wp\/v2\/media?parent=15862"}],"wp:term":[{"taxonomy":"category","embeddable":true,"href":"https:\/\/www.corumbaonline.com.br\/news\/wp-json\/wp\/v2\/categories?post=15862"},{"taxonomy":"post_tag","embeddable":true,"href":"https:\/\/www.corumbaonline.com.br\/news\/wp-json\/wp\/v2\/tags?post=15862"}],"curies":[{"name":"wp","href":"https:\/\/api.w.org\/{rel}","templated":true}]}}