{"id":15864,"date":"2018-04-06T11:34:19","date_gmt":"2018-04-06T15:34:19","guid":{"rendered":"http:\/\/www.corumbaonline.com.br\/news\/?p=15864"},"modified":"2018-04-06T12:05:09","modified_gmt":"2018-04-06T16:05:09","slug":"municipio-promove-no-sabado-feira-da-saude-no-porto-geral","status":"publish","type":"post","link":"https:\/\/www.corumbaonline.com.br\/news\/municipio-promove-no-sabado-feira-da-saude-no-porto-geral\/","title":{"rendered":"Munic\u00edpio promove, no s\u00e1bado, Feira da Sa\u00fade no Porto Geral"},"content":{"rendered":"<p>No s\u00e1bado, dia 07 de abril, a partir das 17 horas, a Prefeitura de Corumb\u00e1, por meio da Secretaria Municipal de Sa\u00fade, estar\u00e1 promovendo a Feira da Sa\u00fade no Porto Geral. A a\u00e7\u00e3o faz parte das atividades da Semana da Sa\u00fade, realizada em parceria com o Conselho Municipal em comemora\u00e7\u00e3o ao Dia Mundial da Sa\u00fade. O objetivo \u00e9 levar orienta\u00e7\u00f5es e informa\u00e7\u00f5es sobre os servi\u00e7os de sa\u00fade prestados pelo Munic\u00edpio e desenvolver a\u00e7\u00f5es voltadas \u00e0 melhoria da qualidade de vida.<\/p>\n<p>&nbsp;<\/p>\n<p>Na ocasi\u00e3o, o p\u00fablico ser\u00e1 orientado quanto \u00e0 alimenta\u00e7\u00e3o saud\u00e1vel e \u00edndice de massa corp\u00f3rea. Vai haver oportunidade para quem quiser aferir press\u00e3o e informa\u00e7\u00f5es sobre sa\u00fade mental ser\u00e3o repassadas por equipes dos Centros de Aten\u00e7\u00e3o Psicossocial (CAPS). Haver\u00e1 exposi\u00e7\u00e3o de telas dos pacientes assistidos pelos CAPS. A Aten\u00e7\u00e3o B\u00e1sica estar\u00e1 presente com planejamento familiar, informa\u00e7\u00f5es sobre sa\u00fade do trabalhador atrav\u00e9s do CEREST e divulga\u00e7\u00e3o de informa\u00e7\u00f5es sobre Infec\u00e7\u00f5es Sexualmente Transmiss\u00edveis (ISTs) com a equipe do Centro de Testagem e Aconselhamento Jo\u00e3o de Brito.<\/p>\n<p>&nbsp;<\/p>\n<p>A sa\u00fade bucal estar\u00e1 presente com escov\u00f3dromo fazendo orienta\u00e7\u00e3o com rela\u00e7\u00e3o \u00e0 escova\u00e7\u00e3o adequada dos dentes. Kits de higiene bucal ser\u00e3o distribu\u00eddos para quem participar da a\u00e7\u00e3o. A Ouvidoria da Sa\u00fade e a Central de Regula\u00e7\u00e3o estar\u00e3o presentes tirando d\u00favidas, realizando orienta\u00e7\u00f5es e explicando sua forma de atua\u00e7\u00e3o. A Vigil\u00e2ncia em Sa\u00fade vai realizar exposi\u00e7\u00e3o do seu acervo de insetos e animais pe\u00e7onhentos.<\/p>\n","protected":false},"excerpt":{"rendered":"<p>No s\u00e1bado, dia 07 de abril, a partir das 17 horas, a Prefeitura de Corumb\u00e1,&#8230;<\/p>\n","protected":false},"author":1,"featured_media":0,"comment_status":"closed","ping_status":"closed","sticky":false,"template":"","format":"standard","meta":{"footnotes":""},"categories":[21],"tags":[],"class_list":["post-15864","post","type-post","status-publish","format-standard","hentry","category-saude"],"_links":{"self":[{"href":"https:\/\/www.corumbaonline.com.br\/news\/wp-json\/wp\/v2\/posts\/15864","targetHints":{"allow":["GET"]}}],"collection":[{"href":"https:\/\/www.corumbaonline.com.br\/news\/wp-json\/wp\/v2\/posts"}],"about":[{"href":"https:\/\/www.corumbaonline.com.br\/news\/wp-json\/wp\/v2\/types\/post"}],"author":[{"embeddable":true,"href":"https:\/\/www.corumbaonline.com.br\/news\/wp-json\/wp\/v2\/users\/1"}],"replies":[{"embeddable":true,"href":"https:\/\/www.corumbaonline.com.br\/news\/wp-json\/wp\/v2\/comments?post=15864"}],"version-history":[{"count":1,"href":"https:\/\/www.corumbaonline.com.br\/news\/wp-json\/wp\/v2\/posts\/15864\/revisions"}],"predecessor-version":[{"id":15865,"href":"https:\/\/www.corumbaonline.com.br\/news\/wp-json\/wp\/v2\/posts\/15864\/revisions\/15865"}],"wp:attachment":[{"href":"https:\/\/www.corumbaonline.com.br\/news\/wp-json\/wp\/v2\/media?parent=15864"}],"wp:term":[{"taxonomy":"category","embeddable":true,"href":"https:\/\/www.corumbaonline.com.br\/news\/wp-json\/wp\/v2\/categories?post=15864"},{"taxonomy":"post_tag","embeddable":true,"href":"https:\/\/www.corumbaonline.com.br\/news\/wp-json\/wp\/v2\/tags?post=15864"}],"curies":[{"name":"wp","href":"https:\/\/api.w.org\/{rel}","templated":true}]}}