{"id":15866,"date":"2018-04-06T11:41:01","date_gmt":"2018-04-06T15:41:01","guid":{"rendered":"http:\/\/www.corumbaonline.com.br\/news\/?p=15866"},"modified":"2018-04-06T12:06:50","modified_gmt":"2018-04-06T16:06:50","slug":"marco-aurelio-manda-redistribuir-habeas-corpus-em-prol-de-lula","status":"publish","type":"post","link":"https:\/\/www.corumbaonline.com.br\/news\/marco-aurelio-manda-redistribuir-habeas-corpus-em-prol-de-lula\/","title":{"rendered":"Marco Aur\u00e9lio manda redistribuir habeas corpus em prol de Lula"},"content":{"rendered":"<p>Um\u00a0<em>habeas corpus<\/em>\u00a0protocolado ontem (5) \u00e0 noite no Supremo Tribunal Federal (STF) por um advogado de S\u00e3o Bernardo do Campo que pede a liberdade do ex-presidente Luiz In\u00e1cio Lula da Silva foi distribu\u00eddo ao ministro Marco Aur\u00e9lio Mello que, nesta manh\u00e3, solicitou a redistribui\u00e7\u00e3o do processo. O advogado que entrou com o pedido n\u00e3o \u00e9 ligado \u00e0 defesa do ex-presidente.<\/p>\n<p>Em um curto despacho, Marco Aur\u00e9lio Mello destacou que o relator de um primeiro\u00a0<em>habeas corpus<\/em>\u00a0de Lula no STF \u00e9 o ministro Edson Fachin, e remeteu o processo \u00e0 presidente da Corte, ministra C\u00e1rmen L\u00facia, para que decida sobre o destino do pedido.<\/p>\n<p>O processo impetrado pelo advogado Adinaldo Martins questiona a validade do resultado do julgamento da \u00faltima quarta-feira (4) no plen\u00e1rio do STF, em que os\u00a0<a href=\"http:\/\/agenciabrasil.ebc.com.br\/politica\/noticia\/2018-04\/maioria-do-stf-nega-habeas-corpus-preventivo-lula\" target=\"_blank\" rel=\"noopener noreferrer\">ministros decidiram, por 6 votos a 5, rejeitar um\u00a0<em>habeas corpus<\/em>\u00a0preventivo<\/a>\u00a0que havia sido pedido pela defesa de Lula.<\/p>\n<p>Lula encontra-se neste momento no Sindicato dos Metal\u00fargicos, em S\u00e3o Bernardo do Campo. Ontem (5), o\u00a0<a href=\"http:\/\/agenciabrasil.ebc.com.br\/politica\/noticia\/2018-04\/sergio-moro-determina-prisao-do-ex-presidente-lula\" target=\"_blank\" rel=\"noopener noreferrer\">juiz federal Sergio Moro determinou a pris\u00e3o do ex-presidente<\/a>\u00a0no caso do tr\u00edplex no Guaruj\u00e1 (SP), determinando que ele se entregue \u00e0 Pol\u00edcia Federal at\u00e9 as 17h de hoje (6).<\/p>\n","protected":false},"excerpt":{"rendered":"<p>Um\u00a0habeas corpus\u00a0protocolado ontem (5) \u00e0 noite no Supremo Tribunal Federal (STF) por um advogado de&#8230;<\/p>\n","protected":false},"author":1,"featured_media":0,"comment_status":"closed","ping_status":"closed","sticky":false,"template":"","format":"standard","meta":{"footnotes":""},"categories":[19],"tags":[],"class_list":["post-15866","post","type-post","status-publish","format-standard","hentry","category-politica"],"_links":{"self":[{"href":"https:\/\/www.corumbaonline.com.br\/news\/wp-json\/wp\/v2\/posts\/15866","targetHints":{"allow":["GET"]}}],"collection":[{"href":"https:\/\/www.corumbaonline.com.br\/news\/wp-json\/wp\/v2\/posts"}],"about":[{"href":"https:\/\/www.corumbaonline.com.br\/news\/wp-json\/wp\/v2\/types\/post"}],"author":[{"embeddable":true,"href":"https:\/\/www.corumbaonline.com.br\/news\/wp-json\/wp\/v2\/users\/1"}],"replies":[{"embeddable":true,"href":"https:\/\/www.corumbaonline.com.br\/news\/wp-json\/wp\/v2\/comments?post=15866"}],"version-history":[{"count":1,"href":"https:\/\/www.corumbaonline.com.br\/news\/wp-json\/wp\/v2\/posts\/15866\/revisions"}],"predecessor-version":[{"id":15867,"href":"https:\/\/www.corumbaonline.com.br\/news\/wp-json\/wp\/v2\/posts\/15866\/revisions\/15867"}],"wp:attachment":[{"href":"https:\/\/www.corumbaonline.com.br\/news\/wp-json\/wp\/v2\/media?parent=15866"}],"wp:term":[{"taxonomy":"category","embeddable":true,"href":"https:\/\/www.corumbaonline.com.br\/news\/wp-json\/wp\/v2\/categories?post=15866"},{"taxonomy":"post_tag","embeddable":true,"href":"https:\/\/www.corumbaonline.com.br\/news\/wp-json\/wp\/v2\/tags?post=15866"}],"curies":[{"name":"wp","href":"https:\/\/api.w.org\/{rel}","templated":true}]}}