{"id":15868,"date":"2018-04-06T12:00:50","date_gmt":"2018-04-06T16:00:50","guid":{"rendered":"http:\/\/www.corumbaonline.com.br\/news\/?p=15868"},"modified":"2018-04-06T12:16:48","modified_gmt":"2018-04-06T16:16:48","slug":"ministro-do-stj-nega-habeas-corpus-de-terceiro-para-lula","status":"publish","type":"post","link":"https:\/\/www.corumbaonline.com.br\/news\/ministro-do-stj-nega-habeas-corpus-de-terceiro-para-lula\/","title":{"rendered":"Ministro do STJ nega habeas corpus de terceiro para Lula"},"content":{"rendered":"<p>O ministro Felix Fischer, do Superior Tribunal de Justi\u00e7a (STJ), negou na manh\u00e3 de hoje (6) um\u00a0<em>habeas corpus<\/em>\u00a0com o qual um advogado n\u00e3o ligado \u00e0 defesa tentava impedir a pris\u00e3o\u00a0do ex-presidente Luiz In\u00e1cio Lula da Silva.<\/p>\n<p>O\u00a0<em>habeas corpus<\/em>\u00a0havia sido impetrado na manh\u00e3 de ontem (5) pelo advogado Altair de Souza Martins, portanto antes da ordem de pris\u00e3o expedida pelo juiz federal Sergio Moro contra Lula e tamb\u00e9m antes do<em>\u00a0habeas corpus\u00a0<\/em>protocolado nesta manh\u00e3 pelos advogados do ex-presidente no STJ.<\/p>\n<p>A assessoria do STJ confirmou que ainda n\u00e3o h\u00e1 decis\u00e3o no\u00a0<em>habeas corpus\u00a0<\/em>impetrado pela defesa de Lula, no qual os advogados pedem uma medida liminar urgente para impedir a pris\u00e3o do ex-presidente, alegando irregularidades processuais.<\/p>\n<p>Lula encontra-se neste momento no Sindicato dos Metal\u00fargicos, em S\u00e3o Bernardo do Campo. Ontem (6), Moro determinou a pris\u00e3o do ex-presidente no caso do tr\u00edplex no Guaruj\u00e1 (SP), determinando que ele se entregue \u00e0 Pol\u00edcia Federal at\u00e9 as 17h de hoje (6).<\/p>\n","protected":false},"excerpt":{"rendered":"<p>O ministro Felix Fischer, do Superior Tribunal de Justi\u00e7a (STJ), negou na manh\u00e3 de hoje&#8230;<\/p>\n","protected":false},"author":1,"featured_media":0,"comment_status":"closed","ping_status":"closed","sticky":false,"template":"","format":"standard","meta":{"footnotes":""},"categories":[19],"tags":[],"class_list":["post-15868","post","type-post","status-publish","format-standard","hentry","category-politica"],"_links":{"self":[{"href":"https:\/\/www.corumbaonline.com.br\/news\/wp-json\/wp\/v2\/posts\/15868","targetHints":{"allow":["GET"]}}],"collection":[{"href":"https:\/\/www.corumbaonline.com.br\/news\/wp-json\/wp\/v2\/posts"}],"about":[{"href":"https:\/\/www.corumbaonline.com.br\/news\/wp-json\/wp\/v2\/types\/post"}],"author":[{"embeddable":true,"href":"https:\/\/www.corumbaonline.com.br\/news\/wp-json\/wp\/v2\/users\/1"}],"replies":[{"embeddable":true,"href":"https:\/\/www.corumbaonline.com.br\/news\/wp-json\/wp\/v2\/comments?post=15868"}],"version-history":[{"count":1,"href":"https:\/\/www.corumbaonline.com.br\/news\/wp-json\/wp\/v2\/posts\/15868\/revisions"}],"predecessor-version":[{"id":15869,"href":"https:\/\/www.corumbaonline.com.br\/news\/wp-json\/wp\/v2\/posts\/15868\/revisions\/15869"}],"wp:attachment":[{"href":"https:\/\/www.corumbaonline.com.br\/news\/wp-json\/wp\/v2\/media?parent=15868"}],"wp:term":[{"taxonomy":"category","embeddable":true,"href":"https:\/\/www.corumbaonline.com.br\/news\/wp-json\/wp\/v2\/categories?post=15868"},{"taxonomy":"post_tag","embeddable":true,"href":"https:\/\/www.corumbaonline.com.br\/news\/wp-json\/wp\/v2\/tags?post=15868"}],"curies":[{"name":"wp","href":"https:\/\/api.w.org\/{rel}","templated":true}]}}