{"id":15870,"date":"2018-04-06T16:05:08","date_gmt":"2018-04-06T20:05:08","guid":{"rendered":"http:\/\/www.corumbaonline.com.br\/news\/?p=15870"},"modified":"2018-04-06T17:41:52","modified_gmt":"2018-04-06T21:41:52","slug":"15870","status":"publish","type":"post","link":"https:\/\/www.corumbaonline.com.br\/news\/15870\/","title":{"rendered":"Prazo para Lula se apresentar \u00e0 PF termina; ex-presidente continua em sindicato"},"content":{"rendered":"<p>Terminou \u00e0s 17h de hoje (6) o prazo estipulado pelo juiz S\u00e9rgio Moro, da 13\u00aa Vara Federal no Paran\u00e1, para que o ex-presidente Luiz In\u00e1cio Lula da Silva se apresentasse voluntariamente \u00e0 Pol\u00edcia Federal em Curitiba.\u00a0At\u00e9 o momento, o ex-presidente n\u00e3o se manifestou sobre se ir\u00e1 se entregar \u00e0 PF. Ele tamb\u00e9m n\u00e3o fez nenhum pronunciamento desde a expedi\u00e7\u00e3o de sua ordem de pris\u00e3o.<\/p>\n<p>Desde ontem (5), quando a ordem de pris\u00e3o foi emitida, Lula est\u00e1 no Sindicato dos Metal\u00fargicos do ABC, em S\u00e3o Bernardo do Campo (SP).\u00a0No sindicato, o ex-presidente reuniu-se com lideran\u00e7as do partido e seus advogados e passou a noite no local. Do lado de fora, militantes fazem uma vig\u00edlia em apoio a Lula. Minutos antes do fim do prazo, os manifestantes fizeram uma\u00a0contagem regressiva. Logo ap\u00f3s \u00e0s 17h, aplaudiram e gritaram: &#8220;N\u00e3o tem arrego&#8221;. Muitos gritam que n\u00e3o deixar\u00e3o o ex-presidente ser preso.<\/p>\n<p>\u201cRelativamente ao condenado e ex-presidente Luiz In\u00e1cio Lula da Silva,\u00a0 concedo-lhe, em aten\u00e7\u00e3o \u00e0 dignidade cargo que ocupou, a oportunidade de apresentar-se voluntariamente \u00e0 Pol\u00edcia Federal em Curitiba at\u00e9 as 17h do dia 06\/04\/2018, quando dever\u00e1 ser cumprido o mandado de pris\u00e3o\u201d, decidiu Moro na ordem de pris\u00e3o.<\/p>\n<p><strong>Pol\u00edcia Federal<\/strong><\/p>\n<p>Em Curitiba, o delegado da Pol\u00edcia Federal Igor Rom\u00e1rio de Paula informou que estava negociando com a defesa do ex-presidente para que ele se apresentasse. De acordo com o delegado, n\u00e3o est\u00e1 descartada o prosseguimento da negocia\u00e7\u00e3o mesmo ap\u00f3s o fim do prazo estabelecido pela Justi\u00e7a.<\/p>\n<p>O delegado disse que a inten\u00e7\u00e3o \u00e9 evitar confrontos, j\u00e1 que o ex-presidente est\u00e1 no sindicato cercado por apoiadores. Igor de Paula acrescentou que \u00e9 remota a chance de a Pol\u00edcia Federal entrar no sindicato para prender o ex-presidente.<\/p>\n<p><strong>STJ<\/strong><\/p>\n<p>Antes das 17h, o\u00a0ministro do Superior Tribunal de Justi\u00e7a (STJ) F\u00e9lix Fischer negou\u00a0<em>habeas corpus<\/em>protocolado pela defesa do ex-presidente\u00a0 para anular o decreto de pris\u00e3o assinado pelo juiz federal S\u00e9rgio Moro.<\/p>\n<p>Na decis\u00e3o na qual decretou a pris\u00e3o, Moro explicou que Lula n\u00e3o ficar\u00e1 em uma cela \u201cem aten\u00e7\u00e3o \u00e0 dignidade cargo que ocupou\u201d. De acordo com o juiz, o ex-presidente deve ficar separado dos demais presos para \u201cpreservar sua integridade f\u00edsica e moral\u201d.<\/p>\n<p>A pris\u00e3o de Lula foi decretada com base no entendimento do Supremo Tribunal Federal (STF), fixado em 2016, que autorizou a execu\u00e7\u00e3o provis\u00f3ria da pena de condenados pela segunda inst\u00e2ncia da Justi\u00e7a. Na quarta-feira (4), a defesa do ex-presidente tentou reverter o entendimento, mas, por 6 votos a 5, a Corte negou um\u00a0<em>habeas corpus preventivo<\/em>\u00a0para evitar a pris\u00e3o.<\/p>\n<p>Lula foi condenado a 12 anos e um m\u00eas de pris\u00e3o, em regime fechado, na a\u00e7\u00e3o penal do triplex do Guaruj\u00e1 (SP), na Opera\u00e7\u00e3o Lava Jato.<\/p>\n","protected":false},"excerpt":{"rendered":"<p>Terminou \u00e0s 17h de hoje (6) o prazo estipulado pelo juiz S\u00e9rgio Moro, da 13\u00aa&#8230;<\/p>\n","protected":false},"author":1,"featured_media":0,"comment_status":"closed","ping_status":"closed","sticky":false,"template":"","format":"standard","meta":{"footnotes":""},"categories":[19],"tags":[],"class_list":["post-15870","post","type-post","status-publish","format-standard","hentry","category-politica"],"_links":{"self":[{"href":"https:\/\/www.corumbaonline.com.br\/news\/wp-json\/wp\/v2\/posts\/15870","targetHints":{"allow":["GET"]}}],"collection":[{"href":"https:\/\/www.corumbaonline.com.br\/news\/wp-json\/wp\/v2\/posts"}],"about":[{"href":"https:\/\/www.corumbaonline.com.br\/news\/wp-json\/wp\/v2\/types\/post"}],"author":[{"embeddable":true,"href":"https:\/\/www.corumbaonline.com.br\/news\/wp-json\/wp\/v2\/users\/1"}],"replies":[{"embeddable":true,"href":"https:\/\/www.corumbaonline.com.br\/news\/wp-json\/wp\/v2\/comments?post=15870"}],"version-history":[{"count":3,"href":"https:\/\/www.corumbaonline.com.br\/news\/wp-json\/wp\/v2\/posts\/15870\/revisions"}],"predecessor-version":[{"id":15873,"href":"https:\/\/www.corumbaonline.com.br\/news\/wp-json\/wp\/v2\/posts\/15870\/revisions\/15873"}],"wp:attachment":[{"href":"https:\/\/www.corumbaonline.com.br\/news\/wp-json\/wp\/v2\/media?parent=15870"}],"wp:term":[{"taxonomy":"category","embeddable":true,"href":"https:\/\/www.corumbaonline.com.br\/news\/wp-json\/wp\/v2\/categories?post=15870"},{"taxonomy":"post_tag","embeddable":true,"href":"https:\/\/www.corumbaonline.com.br\/news\/wp-json\/wp\/v2\/tags?post=15870"}],"curies":[{"name":"wp","href":"https:\/\/api.w.org\/{rel}","templated":true}]}}