{"id":15876,"date":"2018-04-06T16:32:36","date_gmt":"2018-04-06T20:32:36","guid":{"rendered":"http:\/\/www.corumbaonline.com.br\/news\/?p=15876"},"modified":"2018-04-06T17:45:15","modified_gmt":"2018-04-06T21:45:15","slug":"forum-internacional-reune-professores-do-brasil-e-da-bolivia-em-corumba","status":"publish","type":"post","link":"https:\/\/www.corumbaonline.com.br\/news\/forum-internacional-reune-professores-do-brasil-e-da-bolivia-em-corumba\/","title":{"rendered":"F\u00f3rum Internacional re\u00fane professores do Brasil e da Bol\u00edvia em Corumb\u00e1"},"content":{"rendered":"<p>Come\u00e7ou nesta sexta-feira, 6 de abril, o 2\u00ba F\u00f3rum Internacional Pedag\u00f3gico Sindical. O evento \u00e9 organizado pela Prefeitura de Corumb\u00e1, por meio da Secretaria Municipal de Educa\u00e7\u00e3o, em parceria com a Confederaci\u00f3n de Trabajadores de Educaci\u00f3n Urbana de Bol\u00edvia e re\u00fane mais de 200 professores dos dois pa\u00edses.<\/p>\n<p>&nbsp;<\/p>\n<p>O encontro prossegue at\u00e9 o s\u00e1bado, dia 7, e vai servir\u00e1 como de troca de experi\u00eancia a respeito de pol\u00edticas p\u00fablicas da educa\u00e7\u00e3o em rela\u00e7\u00e3o a atua\u00e7\u00e3o docente e sobre o cotidiano do professor e as garantias de seus direitos. O secret\u00e1rio municipal de Educa\u00e7\u00e3o, Genilson Canavarro de Abreu, representou o prefeito Marcelo Iunes na abertura do F\u00f3rum.<\/p>\n<p>&nbsp;<\/p>\n<p>\u201cEstamos aqui para debater as quest\u00f5es sindicais e pedag\u00f3gicas de nossas escolas e construirmos uma agenda conjunta, uma troca de experi\u00eancias que favore\u00e7a nossos alunos\u201d, comentou Genilson. Representando os educadores bolivianos, o executivo nacional do Oriente, David Monta\u00f1o, tamb\u00e9m destacou a import\u00e2ncia do F\u00f3rum.<\/p>\n<p>&nbsp;<\/p>\n<p>\u201cPara n\u00f3s isso aqui \u00e9 e ser\u00e1 uma verdadeira certifica\u00e7\u00e3o. Mas n\u00e3o somente o tema certificado, sendo que tamb\u00e9m existe a necessidade, como trabalhadores da Educa\u00e7\u00e3o, de compartilharmos as mesmas problem\u00e1ticas que s\u00e3o as pol\u00edticas p\u00fablicas de educa\u00e7\u00e3o em todo nosso territ\u00f3rio fronteiri\u00e7o\u201d, afirmou David Monta\u00f1o.<\/p>\n<p>&nbsp;<\/p>\n<p>O executivo nacional do Ocidente da Bol\u00edvia, Wilfredo Si\u00f1ani, e o professor Raul Nunes Delgado, representando o Sindicato Municipal dos Trabalhadores em Educa\u00e7\u00e3o de Corumb\u00e1 (SIMTED), tamb\u00e9m participaram da abertura do 2\u00ba F\u00f3rum Internacional Pedag\u00f3gico Sindical, realizado no centro de Conven\u00e7\u00f5es.<\/p>\n<p>&nbsp;<\/p>\n<p>Bol\u00edvia<\/p>\n<p>&nbsp;<\/p>\n<p>D\u00e1 Bol\u00edvia, 150 professores participam do F\u00f3rum. S\u00e3o representantes de varias regi\u00f5es do Pa\u00eds tais como: do Ocidente (La Paz, Oruro, Potos\u00ed, Atocha,Uncia, Uyuni, Villazon e Tupiza), Oriente (Santa Cruz, Chiquitania, Robor\u00e9, Camiri,\u00a0 Andr\u00e9s Ib\u00e1\u00f1ez, Vallegrande, Beni, Magdalena, Riberalta, Guayaramer\u00edn e Pando) e Valle ( Cochabamba, Sucre, Tarija, Vermeja, Yacuiba, Villamontes).<\/p>\n","protected":false},"excerpt":{"rendered":"<p>Come\u00e7ou nesta sexta-feira, 6 de abril, o 2\u00ba F\u00f3rum Internacional Pedag\u00f3gico Sindical. O evento \u00e9&#8230;<\/p>\n","protected":false},"author":1,"featured_media":15877,"comment_status":"closed","ping_status":"closed","sticky":false,"template":"","format":"standard","meta":{"footnotes":""},"categories":[8,10],"tags":[],"class_list":["post-15876","post","type-post","status-publish","format-standard","has-post-thumbnail","hentry","category-destaque","category-educacao"],"_links":{"self":[{"href":"https:\/\/www.corumbaonline.com.br\/news\/wp-json\/wp\/v2\/posts\/15876","targetHints":{"allow":["GET"]}}],"collection":[{"href":"https:\/\/www.corumbaonline.com.br\/news\/wp-json\/wp\/v2\/posts"}],"about":[{"href":"https:\/\/www.corumbaonline.com.br\/news\/wp-json\/wp\/v2\/types\/post"}],"author":[{"embeddable":true,"href":"https:\/\/www.corumbaonline.com.br\/news\/wp-json\/wp\/v2\/users\/1"}],"replies":[{"embeddable":true,"href":"https:\/\/www.corumbaonline.com.br\/news\/wp-json\/wp\/v2\/comments?post=15876"}],"version-history":[{"count":1,"href":"https:\/\/www.corumbaonline.com.br\/news\/wp-json\/wp\/v2\/posts\/15876\/revisions"}],"predecessor-version":[{"id":15878,"href":"https:\/\/www.corumbaonline.com.br\/news\/wp-json\/wp\/v2\/posts\/15876\/revisions\/15878"}],"wp:featuredmedia":[{"embeddable":true,"href":"https:\/\/www.corumbaonline.com.br\/news\/wp-json\/wp\/v2\/media\/15877"}],"wp:attachment":[{"href":"https:\/\/www.corumbaonline.com.br\/news\/wp-json\/wp\/v2\/media?parent=15876"}],"wp:term":[{"taxonomy":"category","embeddable":true,"href":"https:\/\/www.corumbaonline.com.br\/news\/wp-json\/wp\/v2\/categories?post=15876"},{"taxonomy":"post_tag","embeddable":true,"href":"https:\/\/www.corumbaonline.com.br\/news\/wp-json\/wp\/v2\/tags?post=15876"}],"curies":[{"name":"wp","href":"https:\/\/api.w.org\/{rel}","templated":true}]}}