{"id":15879,"date":"2018-04-06T16:40:32","date_gmt":"2018-04-06T20:40:32","guid":{"rendered":"http:\/\/www.corumbaonline.com.br\/news\/?p=15879"},"modified":"2018-04-06T17:49:08","modified_gmt":"2018-04-06T21:49:08","slug":"prefeito-recebe-comitiva-da-bolivia-e-consegue-evitar-bloqueio-da-fronteira","status":"publish","type":"post","link":"https:\/\/www.corumbaonline.com.br\/news\/prefeito-recebe-comitiva-da-bolivia-e-consegue-evitar-bloqueio-da-fronteira\/","title":{"rendered":"Prefeito recebe comitiva da Bol\u00edvia e consegue evitar bloqueio da fronteira"},"content":{"rendered":"<p>O prefeito de Corumb\u00e1, Marcelo Iunes, recebeu na manh\u00e3 dessa sexta-feira, 6 de abril, uma comitiva formada por pol\u00edticos, lideran\u00e7as comunit\u00e1rias e artes\u00e3os das cidades bolivianas de Puerto Suarez e Puerto Quijarro.<\/p>\n<p>&nbsp;<\/p>\n<p>O grupo pediu o apoio do Executivo municipal no acesso dos artesanatos produzidos na Bol\u00edvia ao mercado corumbaense. Segundo os bolivianos, h\u00e1 cerca de um m\u00eas, a Receita Federal come\u00e7ou a apreender os m\u00f3veis artesanais, produzidos com madeira, comprados na fronteira e trazidos para Corumb\u00e1.<\/p>\n<p>&nbsp;<\/p>\n<p>\u201cIsso nunca aconteceu antes. Sempre tivemos o acesso livre e, de repente, eles est\u00e3o alegando que os m\u00f3veis artesanais n\u00e3o podem mais entrar\u201d, explicou o vice-governador da prov\u00edncia de G\u00e9rman Busch, Davi Yovio. Ainda de acordo com ele, o grupo estava decidido a fechar a fronteira Brasil-Bol\u00edvia em protesto \u00e0 a\u00e7\u00e3o.<\/p>\n<p>&nbsp;<\/p>\n<p>\u201cPor isso procuramos a Prefeitura de Corumb\u00e1 e, como o prefeito Marcelo Iunes se mostrou sens\u00edvel a nossa situa\u00e7\u00e3o, optamos por n\u00e3o fazer esse bloqueio\u201d, completou Yovio. Durante a agenda, o prefeito corumbaense garantiu que vai buscar as autoridades competentes para buscar alternativas que resolvam o problema.<\/p>\n<p>&nbsp;<\/p>\n<p>\u201cHistoricamente mantemos uma rela\u00e7\u00e3o de amizade com nossos irm\u00e3os bolivianos. Al\u00e9m disso, esse com\u00e9rcio artesanal tamb\u00e9m \u00e9 importante para o nosso com\u00e9rcio local, pois esses artes\u00e3os compram boa parte dos produtos que utilizam aqui\u201d, comentou o prefeito Marcelo Iunes.<\/p>\n<p>&nbsp;<\/p>\n<p>\u201cVamos procurar os \u00f3rg\u00e3os competentes e buscar uma atualiza\u00e7\u00e3o do Tratado de Robor\u00e9. A curto prazo, vamos buscar os Consulados e tentar uma forma de que os artes\u00e3os n\u00e3o sejam mais prejudicados\u201d, completou o prefeito de Corumb\u00e1.<\/p>\n<p>&nbsp;<\/p>\n<p>O vereador Manoel Rodrigues tamb\u00e9m participou da reuni\u00e3o, assim como vereadores e lideran\u00e7as dos Comit\u00eas C\u00edvicos de Puerto Quijarro e Puerto Suarez.<\/p>\n","protected":false},"excerpt":{"rendered":"<p>O prefeito de Corumb\u00e1, Marcelo Iunes, recebeu na manh\u00e3 dessa sexta-feira, 6 de abril, uma&#8230;<\/p>\n","protected":false},"author":1,"featured_media":15880,"comment_status":"closed","ping_status":"closed","sticky":false,"template":"","format":"standard","meta":{"footnotes":""},"categories":[8,9],"tags":[],"class_list":["post-15879","post","type-post","status-publish","format-standard","has-post-thumbnail","hentry","category-destaque","category-economia"],"_links":{"self":[{"href":"https:\/\/www.corumbaonline.com.br\/news\/wp-json\/wp\/v2\/posts\/15879","targetHints":{"allow":["GET"]}}],"collection":[{"href":"https:\/\/www.corumbaonline.com.br\/news\/wp-json\/wp\/v2\/posts"}],"about":[{"href":"https:\/\/www.corumbaonline.com.br\/news\/wp-json\/wp\/v2\/types\/post"}],"author":[{"embeddable":true,"href":"https:\/\/www.corumbaonline.com.br\/news\/wp-json\/wp\/v2\/users\/1"}],"replies":[{"embeddable":true,"href":"https:\/\/www.corumbaonline.com.br\/news\/wp-json\/wp\/v2\/comments?post=15879"}],"version-history":[{"count":1,"href":"https:\/\/www.corumbaonline.com.br\/news\/wp-json\/wp\/v2\/posts\/15879\/revisions"}],"predecessor-version":[{"id":15881,"href":"https:\/\/www.corumbaonline.com.br\/news\/wp-json\/wp\/v2\/posts\/15879\/revisions\/15881"}],"wp:featuredmedia":[{"embeddable":true,"href":"https:\/\/www.corumbaonline.com.br\/news\/wp-json\/wp\/v2\/media\/15880"}],"wp:attachment":[{"href":"https:\/\/www.corumbaonline.com.br\/news\/wp-json\/wp\/v2\/media?parent=15879"}],"wp:term":[{"taxonomy":"category","embeddable":true,"href":"https:\/\/www.corumbaonline.com.br\/news\/wp-json\/wp\/v2\/categories?post=15879"},{"taxonomy":"post_tag","embeddable":true,"href":"https:\/\/www.corumbaonline.com.br\/news\/wp-json\/wp\/v2\/tags?post=15879"}],"curies":[{"name":"wp","href":"https:\/\/api.w.org\/{rel}","templated":true}]}}