{"id":15884,"date":"2018-04-06T17:10:59","date_gmt":"2018-04-06T21:10:59","guid":{"rendered":"http:\/\/www.corumbaonline.com.br\/news\/?p=15884"},"modified":"2018-04-06T17:52:12","modified_gmt":"2018-04-06T21:52:12","slug":"lula-ficara-junto-com-a-militancia-em-sao-bernardo-do-campo-diz-gleisi-hoffmann","status":"publish","type":"post","link":"https:\/\/www.corumbaonline.com.br\/news\/lula-ficara-junto-com-a-militancia-em-sao-bernardo-do-campo-diz-gleisi-hoffmann\/","title":{"rendered":"Lula ficar\u00e1 junto com a milit\u00e2ncia em S\u00e3o Bernardo do Campo, diz Gleisi Hoffmann"},"content":{"rendered":"<p>A presidente nacional do PT, senadora Gleisi Hoffmann, disse h\u00e1 pouco que o ex-presidente Luiz In\u00e1cio Lula da Silva &#8220;permanecer\u00e1 junto com a milit\u00e2ncia&#8221; na sede do Sindicato dos Metal\u00fargicos do ABC, em S\u00e3o Bernardo do Campo (SP) e que &#8220;exerceu a op\u00e7\u00e3o&#8221; de n\u00e3o se apresentar \u00e0 Pol\u00edcia Federal em Curitiba.<\/p>\n<p>&#8220;Eu queria deixar claro que n\u00e3o h\u00e1 por parte do presidente Lula nenhum descumprimento da senten\u00e7a do mandado de pris\u00e3o expedido pelo juiz S\u00e9rgio Moro. Ele tinha a op\u00e7\u00e3o dada pelo juiz de ir at\u00e9 Curitiba. N\u00e3o exerceu essa op\u00e7\u00e3o&#8221;, disse Gleisi. Na ordem de pris\u00e3o, Moro informou que o ex-presidente poderia se apresentar voluntariamente at\u00e9 as 17h de hoje (6) \u00e0 Pol\u00edcia Federal em Curitiba.<\/p>\n<p>Segundo ela, Lula continuar\u00e1 no sindicato junto com aliados e os militantes, que est\u00e3o do lado de fora em apoio. &#8220;Ele est\u00e1 aqui no Sindicato dos Metal\u00fargicos de S\u00e3o Bernardo do Campo, em um lugar p\u00fablico. Muitas pessoas sabem onde ele est\u00e1. Ali\u00e1s, o mundo sabe onde ele est\u00e1. Voc\u00eas est\u00e3o acompanhando. Aqui ele permanecer\u00e1 junto com a milit\u00e2ncia&#8221;, acrescentou.<\/p>\n<figure class=\"teaser\">\n<p><figure style=\"width: 580px\" class=\"wp-caption alignnone\"><img loading=\"lazy\" decoding=\"async\" class=\"Image img__fid__122066 img__view_mode__teaser attr__format__teaser\" src=\"http:\/\/agenciabrasil.ebc.com.br\/sites\/_agenciabrasil2013\/files\/styles\/interna_grande\/public\/fotos\/1115500-rovros_abr_06042018_3432_1.jpg\" alt=\"Rovena Rosa\/Ag\u00eancia Brasil\" width=\"580\" height=\"388\" \/><figcaption class=\"wp-caption-text\">Manifesta\u00e7\u00e3o em apoio a Lula no Sindicato dos Metal\u00fargicos do ABC, em S\u00e3o Bernardo do Campo (Rovena Rosa\/Ag\u00eancia Brasil)<\/figcaption><\/figure><figcaption>&nbsp;<\/p>\n<\/figcaption><\/figure>\n<p>&nbsp;<\/p>\n","protected":false},"excerpt":{"rendered":"<p>A presidente nacional do PT, senadora Gleisi Hoffmann, disse h\u00e1 pouco que o ex-presidente Luiz&#8230;<\/p>\n","protected":false},"author":1,"featured_media":0,"comment_status":"closed","ping_status":"closed","sticky":false,"template":"","format":"standard","meta":{"footnotes":""},"categories":[19],"tags":[],"class_list":["post-15884","post","type-post","status-publish","format-standard","hentry","category-politica"],"_links":{"self":[{"href":"https:\/\/www.corumbaonline.com.br\/news\/wp-json\/wp\/v2\/posts\/15884","targetHints":{"allow":["GET"]}}],"collection":[{"href":"https:\/\/www.corumbaonline.com.br\/news\/wp-json\/wp\/v2\/posts"}],"about":[{"href":"https:\/\/www.corumbaonline.com.br\/news\/wp-json\/wp\/v2\/types\/post"}],"author":[{"embeddable":true,"href":"https:\/\/www.corumbaonline.com.br\/news\/wp-json\/wp\/v2\/users\/1"}],"replies":[{"embeddable":true,"href":"https:\/\/www.corumbaonline.com.br\/news\/wp-json\/wp\/v2\/comments?post=15884"}],"version-history":[{"count":1,"href":"https:\/\/www.corumbaonline.com.br\/news\/wp-json\/wp\/v2\/posts\/15884\/revisions"}],"predecessor-version":[{"id":15885,"href":"https:\/\/www.corumbaonline.com.br\/news\/wp-json\/wp\/v2\/posts\/15884\/revisions\/15885"}],"wp:attachment":[{"href":"https:\/\/www.corumbaonline.com.br\/news\/wp-json\/wp\/v2\/media?parent=15884"}],"wp:term":[{"taxonomy":"category","embeddable":true,"href":"https:\/\/www.corumbaonline.com.br\/news\/wp-json\/wp\/v2\/categories?post=15884"},{"taxonomy":"post_tag","embeddable":true,"href":"https:\/\/www.corumbaonline.com.br\/news\/wp-json\/wp\/v2\/tags?post=15884"}],"curies":[{"name":"wp","href":"https:\/\/api.w.org\/{rel}","templated":true}]}}