{"id":15886,"date":"2018-04-06T17:28:43","date_gmt":"2018-04-06T21:28:43","guid":{"rendered":"http:\/\/www.corumbaonline.com.br\/news\/?p=15886"},"modified":"2018-04-06T18:00:28","modified_gmt":"2018-04-06T22:00:28","slug":"meirelles-confirma-que-deixa-pasta-da-fazenda-secretario-executivo-assume","status":"publish","type":"post","link":"https:\/\/www.corumbaonline.com.br\/news\/meirelles-confirma-que-deixa-pasta-da-fazenda-secretario-executivo-assume\/","title":{"rendered":"Meirelles confirma que deixa pasta da Fazenda; secret\u00e1rio executivo assume"},"content":{"rendered":"<p>O ministro da Fazenda, Henrique Meirelles, confirmou, h\u00e1 pouco, que est\u00e1 deixando a pasta para disputar as elei\u00e7\u00f5es de outubro. Filiado ao MDB no in\u00edcio desta semana, ele n\u00e3o informou a qual cargo pretende concorrer.Como o prazo para desincompatilibiliza\u00e7\u00e3o de candidatos \u00e0s elei\u00e7\u00f5es deste ano termina hoje (6), seis meses antes do primeiro turno, a exonera\u00e7\u00e3o de Meirelles ser\u00e1 publicada em edi\u00e7\u00e3o extraordin\u00e1ria do\u00a0<em>Di\u00e1rio Oficial da Uni\u00e3o<\/em>\u00a0nas pr\u00f3ximas horas.<\/p>\n<p>\u201cHoje, encerro um ciclo muito importante da minha vida. Sempre me coloquei a servi\u00e7o do Brasil, independentemente do partido no governo. Tive o prazer de ajudar o pa\u00eds a sair de crises econ\u00f4micas s\u00e9rias em dois momentos\u201d, declarou Meirelles.<\/p>\n<p>O ministro defendeu o seu legado, afirmando que, ao assumir, em 2016, encontrou desemprego, aumento da pobreza e diminui\u00e7\u00e3o da renda. &#8220;Tivemos a coragem de submeter o Brasil \u00e0s decis\u00f5es econ\u00f4micas corretas. Hoje, a infla\u00e7\u00e3o est\u00e1 nos n\u00edveis mais baixos da hist\u00f3ria, a recess\u00e3o foi superada e come\u00e7amos a criar empregos\u201d, acrescentou.<\/p>\n<p>O secret\u00e1rio executivo da pasta, Eduardo Guardia, assume o comando da Fazenda. Segundo Meirelles, Guardia tem o aval do presidente Michel Temer para continuar o trabalho de ajuste fiscal e de recupera\u00e7\u00e3o da economia.<\/p>\n<p>Presidente do Banco Central de 2003 a 2010, Meirelles assumiu o Minist\u00e9rio da Fazenda em maio de 2016, assim que o presidente Michel Temer chegou ao Pal\u00e1cio do Planalto. No comando da \u00e1rea econ\u00f4mica, o ministro conseguiu a aprova\u00e7\u00e3o do teto federal de gastos e participou da elabora\u00e7\u00e3o e das negocia\u00e7\u00f5es para a aprova\u00e7\u00e3o da reforma trabalhista. Durante a gest\u00e3o, Meirelles tamb\u00e9m anunciou o aumento de tributos sobre combust\u00edveis, na tentativa de reequilibrar as contas p\u00fablicas.<\/p>\n<p>Meirelles, no entanto, teve derrotas, como o adiamento da vota\u00e7\u00e3o da reforma da Previd\u00eancia. O Congresso tamb\u00e9m n\u00e3o votou as medidas de ajuste fiscal propostas no fim do ano passado, como a revers\u00e3o da desonera\u00e7\u00e3o da folha de pagamentos e a medida provis\u00f3ria que antecipa a cobran\u00e7a de Imposto de Renda para os fundos exclusivos de investimento. Outra derrota do ministro foi a derrubada, por meio de liminar do Supremo Tribunal Federal, da medida provis\u00f3ria que adiava, por um ano, o reajuste aos servidores federais.<\/p>\n","protected":false},"excerpt":{"rendered":"<p>O ministro da Fazenda, Henrique Meirelles, confirmou, h\u00e1 pouco, que est\u00e1 deixando a pasta para&#8230;<\/p>\n","protected":false},"author":1,"featured_media":0,"comment_status":"closed","ping_status":"closed","sticky":false,"template":"","format":"standard","meta":{"footnotes":""},"categories":[19],"tags":[],"class_list":["post-15886","post","type-post","status-publish","format-standard","hentry","category-politica"],"_links":{"self":[{"href":"https:\/\/www.corumbaonline.com.br\/news\/wp-json\/wp\/v2\/posts\/15886","targetHints":{"allow":["GET"]}}],"collection":[{"href":"https:\/\/www.corumbaonline.com.br\/news\/wp-json\/wp\/v2\/posts"}],"about":[{"href":"https:\/\/www.corumbaonline.com.br\/news\/wp-json\/wp\/v2\/types\/post"}],"author":[{"embeddable":true,"href":"https:\/\/www.corumbaonline.com.br\/news\/wp-json\/wp\/v2\/users\/1"}],"replies":[{"embeddable":true,"href":"https:\/\/www.corumbaonline.com.br\/news\/wp-json\/wp\/v2\/comments?post=15886"}],"version-history":[{"count":1,"href":"https:\/\/www.corumbaonline.com.br\/news\/wp-json\/wp\/v2\/posts\/15886\/revisions"}],"predecessor-version":[{"id":15887,"href":"https:\/\/www.corumbaonline.com.br\/news\/wp-json\/wp\/v2\/posts\/15886\/revisions\/15887"}],"wp:attachment":[{"href":"https:\/\/www.corumbaonline.com.br\/news\/wp-json\/wp\/v2\/media?parent=15886"}],"wp:term":[{"taxonomy":"category","embeddable":true,"href":"https:\/\/www.corumbaonline.com.br\/news\/wp-json\/wp\/v2\/categories?post=15886"},{"taxonomy":"post_tag","embeddable":true,"href":"https:\/\/www.corumbaonline.com.br\/news\/wp-json\/wp\/v2\/tags?post=15886"}],"curies":[{"name":"wp","href":"https:\/\/api.w.org\/{rel}","templated":true}]}}