{"id":15888,"date":"2018-04-07T15:00:02","date_gmt":"2018-04-07T19:00:02","guid":{"rendered":"http:\/\/www.corumbaonline.com.br\/news\/?p=15888"},"modified":"2018-04-07T15:16:08","modified_gmt":"2018-04-07T19:16:08","slug":"eu-nao-sou-mais-um-ser-humano-eu-sou-uma-ideia-diz-lula","status":"publish","type":"post","link":"https:\/\/www.corumbaonline.com.br\/news\/eu-nao-sou-mais-um-ser-humano-eu-sou-uma-ideia-diz-lula\/","title":{"rendered":"&#8220;Eu n\u00e3o sou mais um ser humano, eu sou uma ideia&#8221;, diz Lula"},"content":{"rendered":"<p>Ap\u00f3s missa em homenagem a Marisa Let\u00edcia, que completaria 68 anos neste s\u00e1bado (7), o ex-presidente Luiz In\u00e1cio Lula da Silva condenou a atua\u00e7\u00e3o da imprensa em rela\u00e7\u00e3o \u00e0s acusa\u00e7\u00f5es contra ele. O discurso durou mais de 55 minutos e foi acompanhado por sindicalistas e apoiadores.<\/p>\n<p>&nbsp;<\/p>\n<figure class=\"teaser\">\n<p><figure style=\"width: 580px\" class=\"wp-caption alignnone\"><img loading=\"lazy\" decoding=\"async\" class=\"Image img__fid__122145 img__view_mode__teaser attr__format__teaser\" src=\"http:\/\/agenciabrasil.ebc.com.br\/sites\/_agenciabrasil2013\/files\/styles\/interna_grande\/public\/fotos\/1115647-dsc_368820180407_1.jpg\" alt=\"Rovena Rosa\/Ag\u00eancia Brasil\" width=\"580\" height=\"388\" \/><figcaption class=\"wp-caption-text\">S\u00e3o Bernardo do Campo (SP) &#8211; Discurso de Lula no Sindicato dos Metal\u00fargicos do ABC (Rovena Rosa\/Ag\u00eancia Brasil)<\/figcaption><\/figure><figcaption><\/figcaption><\/figure>\n<p>\u201cO sonho de consumo deles [dos ve\u00edculos de imprensa] \u00e9 a foto do Lula preso. Fico imaginando o tes\u00e3o da Globo e da Veja quando isso acontecer. Eles v\u00e3o ter orgasmos m\u00faltiplos&#8221;,\u00a0disse para os militantes que acompanharam o discurso, em frente ao Sindicato dos Metal\u00fargicos do ABC, em S\u00e3o Bernardo do Campo (SP), onde Lula permanece desde quinta-feira (5) \u00e0 noite.<\/p>\n<p>Lula afirmou tamb\u00e9m que a grande m\u00eddia est\u00e1 determinada em coloc\u00e1-lo no foco do notici\u00e1rio. \u201cTenho mais de 72 horas de Jornal Nacional me atacando. Tenho a Record, a Bandeirantes, a r\u00e1dio do interior me atacando. Mas quanto mais eles me atacam, mais cresce minha rela\u00e7\u00e3o com o povo brasileiro\u201d.<\/p>\n<p>O ex-presidente defendeu a regulamenta\u00e7\u00e3o dos meios de comunica\u00e7\u00e3o. &#8220;Eles t\u00eam que saber que n\u00f3s vamos fazer uma regula\u00e7\u00e3o dos meios de comunica\u00e7\u00e3o para que o povo n\u00e3o seja v\u00edtima de mentiras&#8221;.<\/p>\n<p><strong>&#8220;Sou uma ideia&#8221;<\/strong><\/p>\n<p>Lula incentivou a participa\u00e7\u00e3o popular por meio de manifesta\u00e7\u00f5es e protestos em defesa de ideias e propostas. \u201cMinhas ideias est\u00e3o no ar e n\u00e3o tem como prend\u00ea-las. Meu cora\u00e7\u00e3o bater\u00e1 pelo cora\u00e7\u00e3o de voc\u00eas\u201d, disse.<\/p>\n<p>\u201cN\u00e3o pararei porque n\u00e3o eu sou mais um ser humano. Eu sou uma ideia, uma ideia misturada com a ideia de voc\u00eas. A morte de um combatente n\u00e3o para a revolu\u00e7\u00e3o\u201d, afirmou.<\/p>\n<p>E chamou cada militante de Lula. \u201cSomos Lula\u201d, disse. A frase \u201cEu sou Lula\u201d foi ecoada na plateia.<\/p>\n<p>Para Lula, ele foi condenado politicamente por ter tirado muitos da mis\u00e9ria. &#8220;Se eu cometi esse crime [de ter tirado brasileiros da mis\u00e9ria], vou continuar sendo criminoso nesse pa\u00eds, porque vou fazer muito mais\u201d, acrescentou.<\/p>\n<p><strong>Judici\u00e1rio<\/strong><\/p>\n<p>No discurso, Lula fez cr\u00edticas ao juiz S\u00e9rgio Moro, ao Minist\u00e9rio P\u00fablico e ao Supremo Tribunal Federal (STF).\u00a0\u201cA hist\u00f3ria, daqui uns dias vai provar que quem\u00a0cometeu crime foi o delegado, o juiz e o Minist\u00e9rio P\u00fablico. Sairei dessa maior, mais forte e inocente. Quero provar que eles cometeram um crime. Um crime pol\u00edtico\u201d, disse.<\/p>\n<p>Ao se referir \u00e0 condena\u00e7\u00e3o pelo triplex em Guaruj\u00e1 (SP), o ex-presidente reiterou n\u00e3o ser dono do im\u00f3vel. \u201cSou o \u00fanico ser humano que \u00e9 processado por um apartamento que n\u00e3o \u00e9 meu. Pensei que o Moro ia resolver isso, mas ele mentiu [me condenando]\u201d, disse, refor\u00e7ando que \u201cn\u00e3o perdoa\u201d aqueles que o chamaram de ladr\u00e3o. \u201cNenhum deles t\u00eam coragem ou dorme com a consci\u00eancia tranquila como eu durmo. N\u00e3o estou acima da Justi\u00e7a\u201d, acrescentou. \u201cCertamente um ladr\u00e3o n\u00e3o estaria exigindo prova [como eu fa\u00e7o]\u201d.<\/p>\n<p>Em rela\u00e7\u00e3o ao Supremo, Lula criticou a atua\u00e7\u00e3o dos ministros. \u201cQuer votar de acordo com a opini\u00e3o p\u00fablica largue a toga e dispute a elei\u00e7\u00e3o\u201d.<\/p>\n<p>O ex-presidente atribuiu a morte de Marisa Let\u00edcia \u00e0s a\u00e7\u00f5es do Minist\u00e9rio P\u00fablico e da imprensa. \u201cA antecipa\u00e7\u00e3o da morte da Marisa foi uma sacanagem que a imprensa e o Minist\u00e9rio P\u00fablico fizeram com ela\u201d, disse.\u00a0\u201cN\u00e3o tenho medo deles. Gostaria de fazer um debate com o Moro. E queria que mostrassem as provas e que provassem qual crime que eu cometi\u201d.<\/p>\n<p>O ex-presidente afirmou tamb\u00e9m que n\u00e3o faz obje\u00e7\u00f5es ao trabalho da Lava Jato. \u201cN\u00e3o sou contra a Lava Jato. Quero que continuem prendendo rico\u201d.<\/p>\n<p>Lula mencionou v\u00edtimas da injusti\u00e7a no pa\u00eds, entre elas a ex-presidente Dilma Rousseff. \u201cDilma foi a mais injusti\u00e7ada das mulheres que um dia ousou fazer pol\u00edtica nesse pa\u00eds. A Dilma foi a pessoa que me deu a tranquilidade de fazer quase tudo o que consegui na Presid\u00eancia da Rep\u00fablica. Sou grato de cora\u00e7\u00e3o. Serei profundamente, para o resto da vida, repartirei sempre o sucesso da Presid\u00eancia com voc\u00ea\u201d, disse ao cumprimentar a ex-presidente.<\/p>\n<p>Acompanharam o discurso o ex-prefeito Fernando Haddad, Guilherme Boulos (l\u00edder do MTST e pr\u00e9-candidato a presidente pelo PSOL), Manuela D&#8217;\u00c1vila (pr\u00e9-candidata a presidente pelo PCdoB), Celso Amorim (ex-ministro das Rela\u00e7\u00f5es Exteriores), Ivan Valente (deputado federal pelo PSOL), Jo\u00e3o Pedro St\u00e9dile (da lideran\u00e7a do MST), Paulo Pimenta (l\u00edder do PT na C\u00e2mara), Wellington Dias (governador do Piau\u00ed) e o ator Osmar Prado.<\/p>\n","protected":false},"excerpt":{"rendered":"<p>Ap\u00f3s missa em homenagem a Marisa Let\u00edcia, que completaria 68 anos neste s\u00e1bado (7), o&#8230;<\/p>\n","protected":false},"author":1,"featured_media":0,"comment_status":"closed","ping_status":"closed","sticky":false,"template":"","format":"standard","meta":{"footnotes":""},"categories":[19],"tags":[],"class_list":["post-15888","post","type-post","status-publish","format-standard","hentry","category-politica"],"_links":{"self":[{"href":"https:\/\/www.corumbaonline.com.br\/news\/wp-json\/wp\/v2\/posts\/15888","targetHints":{"allow":["GET"]}}],"collection":[{"href":"https:\/\/www.corumbaonline.com.br\/news\/wp-json\/wp\/v2\/posts"}],"about":[{"href":"https:\/\/www.corumbaonline.com.br\/news\/wp-json\/wp\/v2\/types\/post"}],"author":[{"embeddable":true,"href":"https:\/\/www.corumbaonline.com.br\/news\/wp-json\/wp\/v2\/users\/1"}],"replies":[{"embeddable":true,"href":"https:\/\/www.corumbaonline.com.br\/news\/wp-json\/wp\/v2\/comments?post=15888"}],"version-history":[{"count":1,"href":"https:\/\/www.corumbaonline.com.br\/news\/wp-json\/wp\/v2\/posts\/15888\/revisions"}],"predecessor-version":[{"id":15889,"href":"https:\/\/www.corumbaonline.com.br\/news\/wp-json\/wp\/v2\/posts\/15888\/revisions\/15889"}],"wp:attachment":[{"href":"https:\/\/www.corumbaonline.com.br\/news\/wp-json\/wp\/v2\/media?parent=15888"}],"wp:term":[{"taxonomy":"category","embeddable":true,"href":"https:\/\/www.corumbaonline.com.br\/news\/wp-json\/wp\/v2\/categories?post=15888"},{"taxonomy":"post_tag","embeddable":true,"href":"https:\/\/www.corumbaonline.com.br\/news\/wp-json\/wp\/v2\/tags?post=15888"}],"curies":[{"name":"wp","href":"https:\/\/api.w.org\/{rel}","templated":true}]}}