{"id":15895,"date":"2018-04-07T15:30:01","date_gmt":"2018-04-07T19:30:01","guid":{"rendered":"http:\/\/www.corumbaonline.com.br\/news\/?p=15895"},"modified":"2018-04-07T15:31:23","modified_gmt":"2018-04-07T19:31:23","slug":"agetrat-promove-projeto-motociclista-nao-seja-voce-a-proxima-vitima","status":"publish","type":"post","link":"https:\/\/www.corumbaonline.com.br\/news\/agetrat-promove-projeto-motociclista-nao-seja-voce-a-proxima-vitima\/","title":{"rendered":"AGETRAT promove projeto \u201cMotociclista, n\u00e3o seja voc\u00ea a pr\u00f3xima v\u00edtima\u201d"},"content":{"rendered":"<p>A Ag\u00eancia Municipal de Tr\u00e2nsito e Transporte (AGETRAT) inicia nesta segunda-feira, 9 de abril, \u00a0o projeto \u201cMotociclista, n\u00e3o seja voc\u00ea a pr\u00f3xima v\u00edtima\u201d. A a\u00e7\u00e3o come\u00e7ar\u00e1 com uma blitz educativa na esquina da rua Frei Mariano com a Dom Aquino, no Centro, no hor\u00e1rio das 08h \u00e0s 11 horas.<\/p>\n<p>&nbsp;<\/p>\n<p>Atrav\u00e9s da a\u00e7\u00e3o educativa, a AGETRAT busca diminuir o n\u00famero de motociclistas v\u00edtimas de acidentes de tr\u00e2nsito e prover uma vistoria em capacetes e demais itens de seguran\u00e7a de uso obrigat\u00f3rio pelos usu\u00e1rios de motocicletas.<\/p>\n<p>&nbsp;<\/p>\n<p>A campanha tamb\u00e9m busca assegurar que os motociclistas tenham consci\u00eancia da responsabilidade e dos riscos que os mesmos correm dentro do tr\u00e2nsito, al\u00e9m de incluir dentro das a\u00e7\u00f5es educativas profissionais e empresas ligadas ao uso de motocicletas.<\/p>\n<p>&nbsp;<\/p>\n<p>Desenvolvimento<\/p>\n<p>&nbsp;<\/p>\n<p>As a\u00e7\u00f5es de educa\u00e7\u00e3o para o tr\u00e2nsito propostas pelo projeto \u201cMotociclista, n\u00e3o seja voc\u00ea a pr\u00f3xima v\u00edtima\u201d inserem-se no calend\u00e1rio tem\u00e1tico do Conselho Nacional de Tr\u00e2nsito (Contran), em conjuntura com as propostas locais, cuja meta \u00e9 realizar mensalmente iniciativas direcionadas \u00e0 seguran\u00e7a no tr\u00e2nsito possibilitando a\u00e7\u00f5es focadas em todos os segmentos: pedestres, ciclistas, motociclistas, passageiros e condutores.<\/p>\n<p>&nbsp;<\/p>\n<p>O projeto consiste em uma a\u00e7\u00e3o prim\u00e1ria em parceria com empresas a fim de orientar motociclistas em diversos pontos da cidade. Na primeira a\u00e7\u00e3o ser\u00e1 montado um cen\u00e1rio de um funeral com diversos capacetes de motociclistas em volta do caix\u00e3o. A inten\u00e7\u00e3o \u00e9 impactar os participantes e transeuntes, para chamar aten\u00e7\u00e3o \u00e0 problem\u00e1tica.<\/p>\n<p>&nbsp;<\/p>\n<p>Nas demais a\u00e7\u00f5es, os agentes fiscalizadores ir\u00e3o fazer avalia\u00e7\u00f5es nos capacetes dos motociclistas, orientando-os a providenciar os ajustes ou at\u00e9 mesmo a descartar o mesmo.<\/p>\n<p>&nbsp;<\/p>\n<p>A \u00faltima a\u00e7\u00e3o do projeto consiste em realizar um passeio motocicl\u00edstico pelas ruas da cidade a fim de integrar os motociclistas que cumprem as leis de tr\u00e2nsito em um grande passeio para chamar a aten\u00e7\u00e3o de todos para os riscos e responsabilidades de usar uma motocicleta. Ao t\u00e9rmino dessa a\u00e7\u00e3o, todos participantes ir\u00e3o concorrer aos pr\u00eamios ofertados pelos parceiros.<\/p>\n","protected":false},"excerpt":{"rendered":"<p>A Ag\u00eancia Municipal de Tr\u00e2nsito e Transporte (AGETRAT) inicia nesta segunda-feira, 9 de abril, \u00a0o&#8230;<\/p>\n","protected":false},"author":1,"featured_media":15896,"comment_status":"closed","ping_status":"closed","sticky":false,"template":"","format":"standard","meta":{"footnotes":""},"categories":[8,18],"tags":[],"class_list":["post-15895","post","type-post","status-publish","format-standard","has-post-thumbnail","hentry","category-destaque","category-seguranca"],"_links":{"self":[{"href":"https:\/\/www.corumbaonline.com.br\/news\/wp-json\/wp\/v2\/posts\/15895","targetHints":{"allow":["GET"]}}],"collection":[{"href":"https:\/\/www.corumbaonline.com.br\/news\/wp-json\/wp\/v2\/posts"}],"about":[{"href":"https:\/\/www.corumbaonline.com.br\/news\/wp-json\/wp\/v2\/types\/post"}],"author":[{"embeddable":true,"href":"https:\/\/www.corumbaonline.com.br\/news\/wp-json\/wp\/v2\/users\/1"}],"replies":[{"embeddable":true,"href":"https:\/\/www.corumbaonline.com.br\/news\/wp-json\/wp\/v2\/comments?post=15895"}],"version-history":[{"count":1,"href":"https:\/\/www.corumbaonline.com.br\/news\/wp-json\/wp\/v2\/posts\/15895\/revisions"}],"predecessor-version":[{"id":15897,"href":"https:\/\/www.corumbaonline.com.br\/news\/wp-json\/wp\/v2\/posts\/15895\/revisions\/15897"}],"wp:featuredmedia":[{"embeddable":true,"href":"https:\/\/www.corumbaonline.com.br\/news\/wp-json\/wp\/v2\/media\/15896"}],"wp:attachment":[{"href":"https:\/\/www.corumbaonline.com.br\/news\/wp-json\/wp\/v2\/media?parent=15895"}],"wp:term":[{"taxonomy":"category","embeddable":true,"href":"https:\/\/www.corumbaonline.com.br\/news\/wp-json\/wp\/v2\/categories?post=15895"},{"taxonomy":"post_tag","embeddable":true,"href":"https:\/\/www.corumbaonline.com.br\/news\/wp-json\/wp\/v2\/tags?post=15895"}],"curies":[{"name":"wp","href":"https:\/\/api.w.org\/{rel}","templated":true}]}}