{"id":15898,"date":"2018-04-07T15:39:30","date_gmt":"2018-04-07T19:39:30","guid":{"rendered":"http:\/\/www.corumbaonline.com.br\/news\/?p=15898"},"modified":"2018-04-07T15:39:30","modified_gmt":"2018-04-07T19:39:30","slug":"prefeitura-trabalha-novo-processo-com-300-vagas-para-mototaxistas-autorizados","status":"publish","type":"post","link":"https:\/\/www.corumbaonline.com.br\/news\/prefeitura-trabalha-novo-processo-com-300-vagas-para-mototaxistas-autorizados\/","title":{"rendered":"Prefeitura trabalha novo processo com 300 vagas para mototaxistas autorizados"},"content":{"rendered":"<p>Em reuni\u00e3o com a diretoria do Sindicato dos Mototaxistas de Corumb\u00e1, no final da tarde da sexta-feira, 06 de abril, o prefeito Marcelo Iunes discutiu a realiza\u00e7\u00e3o de processo que abrir\u00e1 300 vagas para outorga de permiss\u00e3o para presta\u00e7\u00e3o de servi\u00e7os de transporte individual de passageiros em motocicletas (motot\u00e1xi).<\/p>\n<p>&nbsp;<\/p>\n<p>Iunes explicou aos mototaxistas credenciados que com a conclus\u00e3o do processo e devida regulamenta\u00e7\u00e3o dos novos autorizados, o Munic\u00edpio busca coibir a atua\u00e7\u00e3o irregular de transporte individual de passageiros em motocicletas. O chefe do Executivo antecipou que a Prefeitura, por meio da Procuradoria Geral, j\u00e1 trabalha o processo para licenciamento de mototaxistas atrav\u00e9s de uma regulamenta\u00e7\u00e3o pr\u00f3pria.<\/p>\n<p>&nbsp;<\/p>\n<p>O procurador-geral adjunto do Munic\u00edpio, Alcindo Cardoso do Valle J\u00fanior, explicou que o novo processo seguir\u00e1 entendimento recente do Supremo Tribunal Federal (STF) \u201cque libera da necessidade de licita\u00e7\u00e3o. Hoje n\u00e3o \u00e9 mais necess\u00e1ria a licita\u00e7\u00e3o para licenciamento de mototaxistas\u201d, disse.<\/p>\n<p>&nbsp;<\/p>\n<p>Presidente do Sindicato dos Mototaxistas de Corumb\u00e1, Luciano Magalh\u00e3es Roa, destacou a iniciativa. \u201c\u00c9 importante esse processo seletivo para a regulariza\u00e7\u00e3o de pessoas para ingressarem no servi\u00e7o de motot\u00e1xi autorizado de Corumb\u00e1. Essas novas 300 vagas s\u00e3o essenciais para a cidade\u201d, finalizou.<\/p>\n<p>&nbsp;<\/p>\n<p>Acompanharam a reuni\u00e3o, o procurador-geral, Jos\u00e9 Lu\u00eds de Aquino Amorim; o secret\u00e1rio especial de\u00a0Seguran\u00e7a P\u00fablica e Defesa Social, C\u00e9sar Freitas Duarte, e o assessor especial Paulo Guilherme de Arruda.<\/p>\n","protected":false},"excerpt":{"rendered":"<p>Em reuni\u00e3o com a diretoria do Sindicato dos Mototaxistas de Corumb\u00e1, no final da tarde&#8230;<\/p>\n","protected":false},"author":1,"featured_media":15899,"comment_status":"closed","ping_status":"closed","sticky":false,"template":"","format":"standard","meta":{"footnotes":""},"categories":[14],"tags":[],"class_list":["post-15898","post","type-post","status-publish","format-standard","has-post-thumbnail","hentry","category-geral"],"_links":{"self":[{"href":"https:\/\/www.corumbaonline.com.br\/news\/wp-json\/wp\/v2\/posts\/15898","targetHints":{"allow":["GET"]}}],"collection":[{"href":"https:\/\/www.corumbaonline.com.br\/news\/wp-json\/wp\/v2\/posts"}],"about":[{"href":"https:\/\/www.corumbaonline.com.br\/news\/wp-json\/wp\/v2\/types\/post"}],"author":[{"embeddable":true,"href":"https:\/\/www.corumbaonline.com.br\/news\/wp-json\/wp\/v2\/users\/1"}],"replies":[{"embeddable":true,"href":"https:\/\/www.corumbaonline.com.br\/news\/wp-json\/wp\/v2\/comments?post=15898"}],"version-history":[{"count":1,"href":"https:\/\/www.corumbaonline.com.br\/news\/wp-json\/wp\/v2\/posts\/15898\/revisions"}],"predecessor-version":[{"id":15900,"href":"https:\/\/www.corumbaonline.com.br\/news\/wp-json\/wp\/v2\/posts\/15898\/revisions\/15900"}],"wp:featuredmedia":[{"embeddable":true,"href":"https:\/\/www.corumbaonline.com.br\/news\/wp-json\/wp\/v2\/media\/15899"}],"wp:attachment":[{"href":"https:\/\/www.corumbaonline.com.br\/news\/wp-json\/wp\/v2\/media?parent=15898"}],"wp:term":[{"taxonomy":"category","embeddable":true,"href":"https:\/\/www.corumbaonline.com.br\/news\/wp-json\/wp\/v2\/categories?post=15898"},{"taxonomy":"post_tag","embeddable":true,"href":"https:\/\/www.corumbaonline.com.br\/news\/wp-json\/wp\/v2\/tags?post=15898"}],"curies":[{"name":"wp","href":"https:\/\/api.w.org\/{rel}","templated":true}]}}