{"id":15901,"date":"2018-04-07T15:42:12","date_gmt":"2018-04-07T19:42:12","guid":{"rendered":"http:\/\/www.corumbaonline.com.br\/news\/?p=15901"},"modified":"2018-04-07T15:41:04","modified_gmt":"2018-04-07T19:41:04","slug":"ex-ministro-do-supremo-critica-votacao-de-habeas-corpus-de-lula-antes-de-adc","status":"publish","type":"post","link":"https:\/\/www.corumbaonline.com.br\/news\/ex-ministro-do-supremo-critica-votacao-de-habeas-corpus-de-lula-antes-de-adc\/","title":{"rendered":"Ex-ministro do Supremo critica vota\u00e7\u00e3o de habeas corpus de Lula antes de ADC"},"content":{"rendered":"<p>O ex-ministro do Supremo Tribunal Federal (STF) Nelson Jobim, que tamb\u00e9m chefiou as pastas da Justi\u00e7a (1995-1997) e da Defesa (2007-2011), criticou hoje (7) a decis\u00e3o da presidente da Superema Corte, Carmen L\u00facia, de colocar na pauta o julgamento do\u00a0<em>habeas corpus<\/em>\u00a0preventivo do ex-presidente Luiz In\u00e1cio Lula da Silva antes de julgar as duas a\u00e7\u00f5es declarat\u00f3rias de constitucionalidade (ADCs) sobre pris\u00e3o ap\u00f3s condena\u00e7\u00e3o em segunda inst\u00e2ncia.<\/p>\n<p>\u201cSempre fui favor\u00e1vel ao tr\u00e2nsito em julgado por causa da Constitui\u00e7\u00e3o\u201d, afirmou o ex-ministro neste s\u00e1bado (7), em Boston, nos Estados Unidos.<\/p>\n<p>Segundo Jobim, em seu voto no julgamento do\u00a0<em>habeas corpus\u00a0<\/em>de Lula, a ministra Rosa Weber disse que, nesse caso, n\u00e3o poderia lan\u00e7ar sua posi\u00e7\u00e3o, porque seria contra a jurisprud\u00eancia do tribunal. &#8220;Agora, quando vier a vota\u00e7\u00e3o da ADC, poder\u00e1 haver uma revis\u00e3o e criar-se uma situa\u00e7\u00e3o estranha\u201d. Jobim destacou que, se a ministra Rosa Weber mantiver a posi\u00e7\u00e3o j\u00e1 manifestada anteriormente, vai mudar a jurisprud\u00eancia. &#8220;Volta a jurisprud\u00eancia anterior.\u201d<\/p>\n<p>De acordo com Jobim, no caso da vota\u00e7\u00e3o de uma ADC, o ex-presidente Lula poderia vir a ser solto, j\u00e1 que ainda cabem embargos declarat\u00f3rios ao Supremo: \u201cSe for votada esta ADC, e se ela for julgada procedente, no sentido de tr\u00e2nsito em julgado, ent\u00e3o ele ter\u00e1 que ser solto\u201d, explicou.<\/p>\n<p>O ex-ministro Nelson Jobim fez as afirma\u00e7\u00f5es ao participar, em Boston, da Brazil Conference, confer\u00eancia organizada por estudantes brasileiros da universidade de Harvard e do Massachusetts Institute of Technology (MIT).<\/p>\n","protected":false},"excerpt":{"rendered":"<p>O ex-ministro do Supremo Tribunal Federal (STF) Nelson Jobim, que tamb\u00e9m chefiou as pastas da&#8230;<\/p>\n","protected":false},"author":1,"featured_media":0,"comment_status":"closed","ping_status":"closed","sticky":false,"template":"","format":"standard","meta":{"footnotes":""},"categories":[19],"tags":[],"class_list":["post-15901","post","type-post","status-publish","format-standard","hentry","category-politica"],"_links":{"self":[{"href":"https:\/\/www.corumbaonline.com.br\/news\/wp-json\/wp\/v2\/posts\/15901","targetHints":{"allow":["GET"]}}],"collection":[{"href":"https:\/\/www.corumbaonline.com.br\/news\/wp-json\/wp\/v2\/posts"}],"about":[{"href":"https:\/\/www.corumbaonline.com.br\/news\/wp-json\/wp\/v2\/types\/post"}],"author":[{"embeddable":true,"href":"https:\/\/www.corumbaonline.com.br\/news\/wp-json\/wp\/v2\/users\/1"}],"replies":[{"embeddable":true,"href":"https:\/\/www.corumbaonline.com.br\/news\/wp-json\/wp\/v2\/comments?post=15901"}],"version-history":[{"count":1,"href":"https:\/\/www.corumbaonline.com.br\/news\/wp-json\/wp\/v2\/posts\/15901\/revisions"}],"predecessor-version":[{"id":15902,"href":"https:\/\/www.corumbaonline.com.br\/news\/wp-json\/wp\/v2\/posts\/15901\/revisions\/15902"}],"wp:attachment":[{"href":"https:\/\/www.corumbaonline.com.br\/news\/wp-json\/wp\/v2\/media?parent=15901"}],"wp:term":[{"taxonomy":"category","embeddable":true,"href":"https:\/\/www.corumbaonline.com.br\/news\/wp-json\/wp\/v2\/categories?post=15901"},{"taxonomy":"post_tag","embeddable":true,"href":"https:\/\/www.corumbaonline.com.br\/news\/wp-json\/wp\/v2\/tags?post=15901"}],"curies":[{"name":"wp","href":"https:\/\/api.w.org\/{rel}","templated":true}]}}