{"id":15914,"date":"2018-04-09T09:00:44","date_gmt":"2018-04-09T13:00:44","guid":{"rendered":"http:\/\/www.corumbaonline.com.br\/news\/?p=15914"},"modified":"2018-04-09T09:21:24","modified_gmt":"2018-04-09T13:21:24","slug":"cerapae-promove-simposio-e-atualiza-profissionais-sobre-autismo","status":"publish","type":"post","link":"https:\/\/www.corumbaonline.com.br\/news\/cerapae-promove-simposio-e-atualiza-profissionais-sobre-autismo\/","title":{"rendered":"CER\/APAE promove simp\u00f3sio e atualiza profissionais sobre autismo"},"content":{"rendered":"<p>Com apoio da Prefeitura de Corumb\u00e1, por meio da Secretaria Municipal de Sa\u00fade, o Centro Especializado em Reabilita\u00e7\u00e3o da Associa\u00e7\u00e3o de Pais e Amigos dos Excepcionais (CER\/APAE) promoveu o 1\u00ba Simp\u00f3sio de Atualiza\u00e7\u00e3o do Transtorno do Espectro Autista. O evento aconteceu no audit\u00f3rio da unidade 3 do campus Pantanal da UFMS, na tarde de s\u00e1bado, 07 de abril. O objetivo foi capacitar e atualizar o p\u00fablico sobre o autismo, como identificar um autista e abord\u00e1-lo.<\/p>\n<p>&nbsp;<\/p>\n<p>S\u00f4nia Regina Sabatel, coordenadora cl\u00ednica do CER\/APAE, lembrou que o dia 02 de abril \u00e9 comemorado o Dia Mundial do Autismo e que a cada ano surgem novos diagn\u00f3sticos. \u00a0\u201cA gente resolveu trazer o assunto para estudantes, profissionais de sa\u00fade e da educa\u00e7\u00e3o sobre como tentar detectar e como tentar ajudar as pessoas que t\u00eam autismo, para onde encaminhar, o que fazer, como abordar. Nosso objetivo com esse simp\u00f3sio foi capacitar para esses profissionais reconhecerem uma pessoa com autismo. Eles precisam saber abordar a pessoa como tamb\u00e9m seus familiares\u201d, afirmou S\u00f4nia.<\/p>\n<p>&nbsp;<\/p>\n<p>A neuropediatra Maria Jos\u00e9 Maldonado veio de Campo Grande especialmente para palestrar no evento. Al\u00e9m dela, palestraram dois pais de alunos do CER\/APAE que contaram como \u00e9 ter filho autista e como trabalham o seu desenvolvimento. Conforme S\u00f4nia Sabatel, o n\u00famero de autistas na verdade n\u00e3o est\u00e1 crescendo, mas as pessoas est\u00e3o conseguindo identificar mais precocemente o dist\u00farbio.<\/p>\n<p>&nbsp;<\/p>\n<p>\u201cDesde 1911, esse problema j\u00e1 existia, mas as pessoas eram confundidas com esquizofr\u00eanicas, psic\u00f3ticas, mas agora com o diagn\u00f3stico e as informa\u00e7\u00f5es sendo mais difundidas, os m\u00e9dicos est\u00e3o conseguindo identificar mais precocemente e a sensa\u00e7\u00e3o \u00e9 que come\u00e7am a aparecer mais casos. Al\u00e9m disso, hoje em dia, as pessoas est\u00e3o tirando os familiares com defici\u00eancia de dentro de seus lares e trazendo para a sociedade e isso contribui para parecer que est\u00e1 surgindo mais casos. Hoje o n\u00famero est\u00e1 de 1 para 100, \u00edndice relativamente alto\u201d, afirmou S\u00f4nia Sabatel.<\/p>\n<p>&nbsp;<\/p>\n<p>Ela achou bastante positiva a participa\u00e7\u00e3o do p\u00fablico que lotou o audit\u00f3rio. Segundo S\u00f4nia, a ades\u00e3o ao simp\u00f3sio foi grande, especialmente por parte de professores que est\u00e3o preocupados por estarem recebendo autistas em sala de aula e est\u00e3o precisando saber o que fazer com essa clientela.<\/p>\n<p>&nbsp;<\/p>\n<p>O Centro Especializado em Reabilita\u00e7\u00e3o (CER) \u00e9 uma \u00e1rea da sa\u00fade mantida pela APAE que trabalha com qualquer tipo de defici\u00eancia. Possui escola especializada que tamb\u00e9m atende aos autistas.<\/p>\n","protected":false},"excerpt":{"rendered":"<p>Com apoio da Prefeitura de Corumb\u00e1, por meio da Secretaria Municipal de Sa\u00fade, o Centro&#8230;<\/p>\n","protected":false},"author":1,"featured_media":15915,"comment_status":"closed","ping_status":"closed","sticky":false,"template":"","format":"standard","meta":{"footnotes":""},"categories":[8,10],"tags":[],"class_list":["post-15914","post","type-post","status-publish","format-standard","has-post-thumbnail","hentry","category-destaque","category-educacao"],"_links":{"self":[{"href":"https:\/\/www.corumbaonline.com.br\/news\/wp-json\/wp\/v2\/posts\/15914","targetHints":{"allow":["GET"]}}],"collection":[{"href":"https:\/\/www.corumbaonline.com.br\/news\/wp-json\/wp\/v2\/posts"}],"about":[{"href":"https:\/\/www.corumbaonline.com.br\/news\/wp-json\/wp\/v2\/types\/post"}],"author":[{"embeddable":true,"href":"https:\/\/www.corumbaonline.com.br\/news\/wp-json\/wp\/v2\/users\/1"}],"replies":[{"embeddable":true,"href":"https:\/\/www.corumbaonline.com.br\/news\/wp-json\/wp\/v2\/comments?post=15914"}],"version-history":[{"count":1,"href":"https:\/\/www.corumbaonline.com.br\/news\/wp-json\/wp\/v2\/posts\/15914\/revisions"}],"predecessor-version":[{"id":15916,"href":"https:\/\/www.corumbaonline.com.br\/news\/wp-json\/wp\/v2\/posts\/15914\/revisions\/15916"}],"wp:featuredmedia":[{"embeddable":true,"href":"https:\/\/www.corumbaonline.com.br\/news\/wp-json\/wp\/v2\/media\/15915"}],"wp:attachment":[{"href":"https:\/\/www.corumbaonline.com.br\/news\/wp-json\/wp\/v2\/media?parent=15914"}],"wp:term":[{"taxonomy":"category","embeddable":true,"href":"https:\/\/www.corumbaonline.com.br\/news\/wp-json\/wp\/v2\/categories?post=15914"},{"taxonomy":"post_tag","embeddable":true,"href":"https:\/\/www.corumbaonline.com.br\/news\/wp-json\/wp\/v2\/tags?post=15914"}],"curies":[{"name":"wp","href":"https:\/\/api.w.org\/{rel}","templated":true}]}}