{"id":15921,"date":"2018-04-09T09:36:42","date_gmt":"2018-04-09T13:36:42","guid":{"rendered":"http:\/\/www.corumbaonline.com.br\/news\/?p=15921"},"modified":"2018-04-09T10:41:21","modified_gmt":"2018-04-09T14:41:21","slug":"moreira-franco-vai-assumir-ministerio-de-minas-e-energia","status":"publish","type":"post","link":"https:\/\/www.corumbaonline.com.br\/news\/moreira-franco-vai-assumir-ministerio-de-minas-e-energia\/","title":{"rendered":"Moreira Franco vai assumir Minist\u00e9rio de Minas e Energia"},"content":{"rendered":"<p>O Pal\u00e1cio do Planalto confirmou ontem que o ministro da Secretaria-Geral da Presid\u00eancia, Moreira Franco, vai assumir a pasta de Minas e Energia, que estava vaga com a sa\u00edda de Fernando Coelho Filho, candidato \u00e0 reelei\u00e7\u00e3o para deputado federal em Pernambuco. Moreira Franco tamb\u00e9m \u00e9 secret\u00e1rio-executivo do Programa de Parcerias e Investimentos (PPI).<\/p>\n<p>\u201cO presidente Michel Temer definiu hoje que o ministro Moreira Franco assumir\u00e1 o Minist\u00e9rio de Minas e Energia\u201d, diz o comunicado da Secretaria de Imprensa da Presid\u00eancia.<\/p>\n<p>Na semana passada, ministros do governo Temer deixaram o cargo para se candidatar nas elei\u00e7\u00f5es de outubro. A lei eleitoral prev\u00ea que os ministros que quiserem concorrer nas elei\u00e7\u00f5es tinham at\u00e9 o dia 7 de abril para deixar os cargos, na chamada desincompatibiliza\u00e7\u00e3o.<\/p>\n<p>Foram exonerados os ministros Ricardo Barros (PP), Minist\u00e9rio da Sa\u00fade; Maur\u00edcio Quintella (PR), Minist\u00e9rio dos Transportes, Portos e Avia\u00e7\u00e3o Civil; Mendon\u00e7a Filho (DEM), Minist\u00e9rio da Educa\u00e7\u00e3o; Marx Beltr\u00e3o (MDB), Minist\u00e9rio do Turismo; Osmar Terra (MDB), Minist\u00e9rio do Desenvolvimento Social; Fernando Coelho Filho (MDB), Minist\u00e9rio de Minas e Energia; Leonardo Picciani (MDB), Minist\u00e9rio do Esporte; Sarney Filho, Minist\u00e9rio do Meio Ambiente; Helder Barbalho (MDB), Minist\u00e9rio da Integra\u00e7\u00e3o Nacional; e Henrique Meirelles, Minist\u00e9rio da Fazenda.<\/p>\n","protected":false},"excerpt":{"rendered":"<p>O Pal\u00e1cio do Planalto confirmou ontem que o ministro da Secretaria-Geral da Presid\u00eancia, Moreira Franco,&#8230;<\/p>\n","protected":false},"author":1,"featured_media":0,"comment_status":"closed","ping_status":"closed","sticky":false,"template":"","format":"standard","meta":{"footnotes":""},"categories":[19],"tags":[],"class_list":["post-15921","post","type-post","status-publish","format-standard","hentry","category-politica"],"_links":{"self":[{"href":"https:\/\/www.corumbaonline.com.br\/news\/wp-json\/wp\/v2\/posts\/15921","targetHints":{"allow":["GET"]}}],"collection":[{"href":"https:\/\/www.corumbaonline.com.br\/news\/wp-json\/wp\/v2\/posts"}],"about":[{"href":"https:\/\/www.corumbaonline.com.br\/news\/wp-json\/wp\/v2\/types\/post"}],"author":[{"embeddable":true,"href":"https:\/\/www.corumbaonline.com.br\/news\/wp-json\/wp\/v2\/users\/1"}],"replies":[{"embeddable":true,"href":"https:\/\/www.corumbaonline.com.br\/news\/wp-json\/wp\/v2\/comments?post=15921"}],"version-history":[{"count":1,"href":"https:\/\/www.corumbaonline.com.br\/news\/wp-json\/wp\/v2\/posts\/15921\/revisions"}],"predecessor-version":[{"id":15922,"href":"https:\/\/www.corumbaonline.com.br\/news\/wp-json\/wp\/v2\/posts\/15921\/revisions\/15922"}],"wp:attachment":[{"href":"https:\/\/www.corumbaonline.com.br\/news\/wp-json\/wp\/v2\/media?parent=15921"}],"wp:term":[{"taxonomy":"category","embeddable":true,"href":"https:\/\/www.corumbaonline.com.br\/news\/wp-json\/wp\/v2\/categories?post=15921"},{"taxonomy":"post_tag","embeddable":true,"href":"https:\/\/www.corumbaonline.com.br\/news\/wp-json\/wp\/v2\/tags?post=15921"}],"curies":[{"name":"wp","href":"https:\/\/api.w.org\/{rel}","templated":true}]}}