{"id":15932,"date":"2018-04-09T10:41:32","date_gmt":"2018-04-09T14:41:32","guid":{"rendered":"http:\/\/www.corumbaonline.com.br\/news\/?p=15932"},"modified":"2018-04-09T11:16:55","modified_gmt":"2018-04-09T15:16:55","slug":"zeca-do-pt-defende-candidatura-de-lula-e-acredita-no-fortalecimento-do-partido","status":"publish","type":"post","link":"https:\/\/www.corumbaonline.com.br\/news\/zeca-do-pt-defende-candidatura-de-lula-e-acredita-no-fortalecimento-do-partido\/","title":{"rendered":"Zeca do PT defende candidatura de Lula e acredita no fortalecimento do partido"},"content":{"rendered":"<p>Mesmo com toda situa\u00e7\u00e3o que envolveu a pris\u00e3o do ex-presidente Luiz In\u00e1cio Lula da Silva, o presidente do Partido dos Trabalhadores de Mato Grosso do Sul, Zeca do PT, defende que Lula permane\u00e7a como candidato da sigla \u00e0 Presid\u00eancia da Rep\u00fablica. Al\u00e9m de que, segundo ele, toda repercuss\u00e3o do caso fez aumentar a procura de filia\u00e7\u00f5es.<\/p>\n<p>\u201cVamos defender a candidatura at\u00e9 o \u00faltimo momento, porque ele \u00e9 o melhor nome para ser nosso candidato\u201d, disse Zeca ao Jornal Midiamax nesta segunda-feira (9). Ele refor\u00e7a que as investiga\u00e7\u00f5es e condena\u00e7\u00f5es na Justi\u00e7a n\u00e3o s\u00e3o um empecilho. \u201cN\u00e3o tem problema nenhum, n\u00e3o tem prova de nada, tudo inqu\u00e9rito fajuto\u201d.<\/p>\n<p>Ainda nesta segunda, o comando do PT se re\u00fane em Curitiba (PR) para reafirmar a candidatura de Lula e tra\u00e7ar estrat\u00e9gia para o futuro. O encontro n\u00e3o contar\u00e1 com representantes de aqui do estado.<\/p>\n<p>Toda a como\u00e7\u00e3o em militantes que gerou a pris\u00e3o do ex-presidente teve reflexos positivos em territ\u00f3rio sul-mato-grossense, avalia Zeca.<\/p>\n<p>\u201cTem uma enorme procura de gente se filiando ao PT. Fora os mais fascistas e a elite branca, todo mundo est\u00e1 revoltado com essa situa\u00e7\u00e3o e querendo votar no Lula. Sem d\u00favida nenhuma, vamos trabalhar o 13 para presidente, governador e para tudo\u201d, conclui.<\/p>\n","protected":false},"excerpt":{"rendered":"<p>Mesmo com toda situa\u00e7\u00e3o que envolveu a pris\u00e3o do ex-presidente Luiz In\u00e1cio Lula da Silva,&#8230;<\/p>\n","protected":false},"author":1,"featured_media":0,"comment_status":"closed","ping_status":"closed","sticky":false,"template":"","format":"standard","meta":{"footnotes":""},"categories":[19],"tags":[],"class_list":["post-15932","post","type-post","status-publish","format-standard","hentry","category-politica"],"_links":{"self":[{"href":"https:\/\/www.corumbaonline.com.br\/news\/wp-json\/wp\/v2\/posts\/15932","targetHints":{"allow":["GET"]}}],"collection":[{"href":"https:\/\/www.corumbaonline.com.br\/news\/wp-json\/wp\/v2\/posts"}],"about":[{"href":"https:\/\/www.corumbaonline.com.br\/news\/wp-json\/wp\/v2\/types\/post"}],"author":[{"embeddable":true,"href":"https:\/\/www.corumbaonline.com.br\/news\/wp-json\/wp\/v2\/users\/1"}],"replies":[{"embeddable":true,"href":"https:\/\/www.corumbaonline.com.br\/news\/wp-json\/wp\/v2\/comments?post=15932"}],"version-history":[{"count":1,"href":"https:\/\/www.corumbaonline.com.br\/news\/wp-json\/wp\/v2\/posts\/15932\/revisions"}],"predecessor-version":[{"id":15934,"href":"https:\/\/www.corumbaonline.com.br\/news\/wp-json\/wp\/v2\/posts\/15932\/revisions\/15934"}],"wp:attachment":[{"href":"https:\/\/www.corumbaonline.com.br\/news\/wp-json\/wp\/v2\/media?parent=15932"}],"wp:term":[{"taxonomy":"category","embeddable":true,"href":"https:\/\/www.corumbaonline.com.br\/news\/wp-json\/wp\/v2\/categories?post=15932"},{"taxonomy":"post_tag","embeddable":true,"href":"https:\/\/www.corumbaonline.com.br\/news\/wp-json\/wp\/v2\/tags?post=15932"}],"curies":[{"name":"wp","href":"https:\/\/api.w.org\/{rel}","templated":true}]}}