{"id":15942,"date":"2018-04-09T11:38:40","date_gmt":"2018-04-09T15:38:40","guid":{"rendered":"http:\/\/www.corumbaonline.com.br\/news\/?p=15942"},"modified":"2018-04-09T11:42:21","modified_gmt":"2018-04-09T15:42:21","slug":"evento-no-porto-geral-marca-comemoracao-ao-dia-mundial-da-saude-em-corumba","status":"publish","type":"post","link":"https:\/\/www.corumbaonline.com.br\/news\/evento-no-porto-geral-marca-comemoracao-ao-dia-mundial-da-saude-em-corumba\/","title":{"rendered":"Evento no Porto Geral marca comemora\u00e7\u00e3o ao Dia Mundial da Sa\u00fade em Corumb\u00e1"},"content":{"rendered":"<p>No Dia Mundial da Sa\u00fade, 07 de abril, a Prefeitura de Corumb\u00e1, atrav\u00e9s da Secretaria Municipal de Sa\u00fade, promoveu uma tarde diferente no Porto Geral. Dentro do cronograma da Semana da Sa\u00fade, organizada pelo Conselho Municipal de Sa\u00fade em parceria com o Munic\u00edpio, a Feira da Sa\u00fade foi realizada para despertar a aten\u00e7\u00e3o do p\u00fablico para os servi\u00e7os do SUS oferecidos em Corumb\u00e1, bem como alertar os participantes sobre os cuidados com a pr\u00f3pria sa\u00fade.<\/p>\n<p>&nbsp;<\/p>\n<p>Na ocasi\u00e3o, o p\u00fablico recebeu orienta\u00e7\u00f5es sobre os v\u00e1rios servi\u00e7os o oferecido nos Centros de Aten\u00e7\u00e3o Psicossocial (CAPS), esclarecimentos sobre funcionamento das Unidades B\u00e1sicas de Sa\u00fade e atendimento de sa\u00fade bucal pelo SUS, informa\u00e7\u00f5es sobre Infec\u00e7\u00f5es Sexualmente Transmiss\u00edveis (ISTs) e a Vigil\u00e2ncia em Sa\u00fade esteve com exposi\u00e7\u00e3o de insetos e animais pe\u00e7onhentos.<\/p>\n<p>&nbsp;<\/p>\n<p>Para o secret\u00e1rio municipal de Sa\u00fade, Rog\u00e9rio Leite, o evento buscou estimular o entendimento da popula\u00e7\u00e3o para o fortalecimento da rede de sa\u00fade. \u201c\u00c9 importante que estejamos com a comunidade fazendo com que ela participe da constru\u00e7\u00e3o do nosso SUS, da nossa cadeia de sa\u00fade porque quem ser\u00e1 beneficiado com isso \u00e9 a pr\u00f3pria popula\u00e7\u00e3o que vive em Corumb\u00e1. O SUS \u00e9 um plano de sa\u00fade que abrange hoje quase a totalidade dos brasileiros, pois todo mundo algum dia vai passar a depender do SUS para ter benef\u00edcio em sua sa\u00fade, por isso, nada mais justo que fazer essa parceria com a comunidade para que compreenda nossa rede e para nos ajudar a constru\u00ed-la de forma que seja padr\u00e3o em Corumb\u00e1 para dar esse bem-estar em sa\u00fade aos nossos mun\u00edcipes\u201d, afirmou.<\/p>\n<p>&nbsp;<\/p>\n<p>Rog\u00e9rio Leite destacou a parceria da Secretaria de Sa\u00fade com o controle social. \u201cO Conselho Municipal de Sa\u00fade \u00e9 o cogestor da sa\u00fade do Munic\u00edpio. O controle social \u00e9 muito importante porque, junto com a Secretaria faz a participa\u00e7\u00e3o popular, faz a participa\u00e7\u00e3o dos usu\u00e1rios, dos prestadores de servi\u00e7o e faz essa base de consolida\u00e7\u00e3o de ideias para que a gente construa e solidifique o atendimento do SUS no nosso munic\u00edpio. A gente s\u00f3 tem a agradecer essa parceria e esse aqui \u00e9 um evento constru\u00eddo pelo controle social em que n\u00f3s da Secretaria hoje somos coparceiros e co-organizadores e mostra que estamos trabalhando juntos para o fortalecimento da sa\u00fade em Corumb\u00e1\u201d.<\/p>\n<p>&nbsp;<\/p>\n<p>L\u00e9ia Vilalva de Moraes, presidente do Conselho Municipal de Sa\u00fade, afirmou que o Dia Mundial da Sa\u00fade \u00e9 data estabelecida pela ONU para conscientizar as pessoas sobre a preserva\u00e7\u00e3o da sa\u00fade para melhor qualidade de vida. E a comemora\u00e7\u00e3o em Corumb\u00e1 foi poss\u00edvel por causa da parceria com o Munic\u00edpio.<\/p>\n<p>&nbsp;<\/p>\n<p>\u201cA celebra\u00e7\u00e3o tem dado certo porque temos grandes parceiros que s\u00e3o a Secretaria de Sa\u00fade e a Prefeitura de Corumb\u00e1 que aceitaram a ideia de desenvolver essa manifesta\u00e7\u00e3o cultural e de levar o SUS a todo o conhecimento da popula\u00e7\u00e3o. O SUS n\u00e3o \u00e9 somente ambulat\u00f3rio e pronto-socorro, \u00e9 tamb\u00e9m propostas pol\u00edticas, resolu\u00e7\u00f5es e delibera\u00e7\u00f5es que a gente faz no Conselho para o bem comum da sociedade. Estamos fazendo um dia diferente para a popula\u00e7\u00e3o e de grande import\u00e2ncia para os Direitos Humanos de todos\u201d, afirmou L\u00e9ia Moraes.<\/p>\n<p>&nbsp;<\/p>\n<p>A Semana da Sa\u00fade em Corumb\u00e1 teve in\u00edcio no dia 02 de abril com di\u00e1logo sobre o fortalecimento do SUS e participa\u00e7\u00e3o popular. Organizada pelo Conselho Municipal de Sa\u00fade, com apoio do Munic\u00edpio, a Semana contou com di\u00e1logo sobre sa\u00fade do trabalhador no dia 03 de abril, roda de conversa no dia 06, Feira da Sa\u00fade no s\u00e1bado, e participa\u00e7\u00e3o em culto na Igreja Batista para divulga\u00e7\u00e3o da import\u00e2ncia do controle social na defesa do SUS, na noite de domingo, 08 de abril.<\/p>\n<p>&nbsp;<\/p>\n<p>Este ano, a Semana da Sa\u00fade teve como objetivos debater as reformas na Pol\u00edtica Nacional de Aten\u00e7\u00e3o B\u00e1sica (PNAB), na Pol\u00edtica Nacional de Sa\u00fade Mental (PNSM) e a implementa\u00e7\u00e3o da Portaria n\u00ba 3992, que muda a regra do financiamento do SUS. Al\u00e9m de discutir a Emenda Constitucional 95\/2016, que congela investimentos em sa\u00fade por duas d\u00e9cadas.<\/p>\n","protected":false},"excerpt":{"rendered":"<p>No Dia Mundial da Sa\u00fade, 07 de abril, a Prefeitura de Corumb\u00e1, atrav\u00e9s da Secretaria&#8230;<\/p>\n","protected":false},"author":1,"featured_media":0,"comment_status":"closed","ping_status":"closed","sticky":false,"template":"","format":"standard","meta":{"footnotes":""},"categories":[21],"tags":[],"class_list":["post-15942","post","type-post","status-publish","format-standard","hentry","category-saude"],"_links":{"self":[{"href":"https:\/\/www.corumbaonline.com.br\/news\/wp-json\/wp\/v2\/posts\/15942","targetHints":{"allow":["GET"]}}],"collection":[{"href":"https:\/\/www.corumbaonline.com.br\/news\/wp-json\/wp\/v2\/posts"}],"about":[{"href":"https:\/\/www.corumbaonline.com.br\/news\/wp-json\/wp\/v2\/types\/post"}],"author":[{"embeddable":true,"href":"https:\/\/www.corumbaonline.com.br\/news\/wp-json\/wp\/v2\/users\/1"}],"replies":[{"embeddable":true,"href":"https:\/\/www.corumbaonline.com.br\/news\/wp-json\/wp\/v2\/comments?post=15942"}],"version-history":[{"count":1,"href":"https:\/\/www.corumbaonline.com.br\/news\/wp-json\/wp\/v2\/posts\/15942\/revisions"}],"predecessor-version":[{"id":15943,"href":"https:\/\/www.corumbaonline.com.br\/news\/wp-json\/wp\/v2\/posts\/15942\/revisions\/15943"}],"wp:attachment":[{"href":"https:\/\/www.corumbaonline.com.br\/news\/wp-json\/wp\/v2\/media?parent=15942"}],"wp:term":[{"taxonomy":"category","embeddable":true,"href":"https:\/\/www.corumbaonline.com.br\/news\/wp-json\/wp\/v2\/categories?post=15942"},{"taxonomy":"post_tag","embeddable":true,"href":"https:\/\/www.corumbaonline.com.br\/news\/wp-json\/wp\/v2\/tags?post=15942"}],"curies":[{"name":"wp","href":"https:\/\/api.w.org\/{rel}","templated":true}]}}