{"id":15946,"date":"2018-04-09T11:50:49","date_gmt":"2018-04-09T15:50:49","guid":{"rendered":"http:\/\/www.corumbaonline.com.br\/news\/?p=15946"},"modified":"2018-04-09T12:00:24","modified_gmt":"2018-04-09T16:00:24","slug":"presenca-de-odontologos-nas-utis-pode-se-tornar-obrigatoria-em-corumba","status":"publish","type":"post","link":"https:\/\/www.corumbaonline.com.br\/news\/presenca-de-odontologos-nas-utis-pode-se-tornar-obrigatoria-em-corumba\/","title":{"rendered":"Presen\u00e7a de odont\u00f3logos nas UTIs pode se tornar obrigat\u00f3ria em Corumb\u00e1"},"content":{"rendered":"<p><span style=\"color: #000000;\">A presen\u00e7a de profissionais de odontologia nas Unidades de Terapia Intensiva (UTIs) pode se tornar obrigat\u00f3ria em Corumb\u00e1. \u00c9 o que prev\u00ea um Projeto de Lei de autoria do vereador Yussef Salla que est\u00e1 em tramita\u00e7\u00e3o na C\u00e2mara Municipal de Corumb\u00e1.<\/span><\/p>\n<p><span style=\"color: #000000;\">A ideia do vereador \u00e9 ter esses profissionais presentes tantos nas cl\u00ednicas existentes na cidade, como em hospital p\u00fablico ou privado, onde existam pacientes internados, para os devidos cuidados da sa\u00fade bucal dos mesmos.<\/span><\/p>\n<p><span style=\"color: #000000;\">O projeto cita que nas UTIs, o profissional ter\u00e1 que ser um cirurgi\u00e3o-dentista. J\u00e1 nas demais unidades, profissionais de odontologia com qualifica\u00e7\u00e3o para atuar na \u00e1rea.<\/span><\/p>\n<p><span style=\"color: #000000;\">Ele explica que os pacientes internados nas UTIs devem receber cuidados especiais e constantes, n\u00e3o s\u00f3 para tratar o problema que o levou \u00e0 interna\u00e7\u00e3o, mas tamb\u00e9m para cuidar dos demais \u00f3rg\u00e3os e sistemas que podem sofrer alguma deteriora\u00e7\u00e3o prejudicial para sua recupera\u00e7\u00e3o e progn\u00f3stico.<\/span><\/p>\n<p><span style=\"color: #000000;\">\u201cNesses cuidados deve estar inclu\u00eddo o tratamento odontol\u00f3gico, com higiene bucal adequada, dada a inter-rela\u00e7\u00e3o entre doen\u00e7as bucais e sist\u00eamicas\u201d, justificou, citando que \u00e9 raro encontrar um cirurgi\u00e3o-dentista fazendo parte da equipe multiprofissional das UTIs.<\/span><\/p>\n<p><span style=\"color: #000000;\">Lembra que o atendimento espec\u00edfico busca manter a higiene bucal e a sa\u00fade do sistema estomatogn\u00e1tico do paciente durante sua interna\u00e7\u00e3o, controlando o biofilme e prevenindo e tratando a c\u00e1rie, a doen\u00e7a periodontal, as infec\u00e7\u00f5es perimplantares, as estomatites e outros problemas bucais.<\/span><\/p>\n<p><span style=\"color: #000000;\">Acrescenta ainda que o atendimento odontol\u00f3gico do paciente cr\u00edtico tamb\u00e9m contribui na preven\u00e7\u00e3o de infec\u00e7\u00f5es hospitalares, principalmente as respirat\u00f3rias, entre elas a pneumonia nosocomial, ou hospitalar, uma das principais infec\u00e7\u00f5es em pacientes de UTI favorecidas por microrganismos que proliferam na orofaringe.<\/span><\/p>\n<p><span style=\"color: #000000;\">\u201cSua ocorr\u00eancia \u00e9 preocupante, pois \u00e9 bastante comum entre esse grupo de pacientes, provocando um n\u00famero significativo de \u00f3bitos, prolongando a interna\u00e7\u00e3o do paciente e exigindo mais medicamentos e cuidados\u201d, apontou.<\/span><\/p>\n<p><span style=\"color: #000000;\">Considera ainda que a grande maioria dos pacientes de UTI n\u00e3o tem como se queixar de seu estado e de seus inc\u00f4modos, e que os profissionais respons\u00e1veis por cuidarem da manuten\u00e7\u00e3o de suas vidas e sa\u00fade devem estar presentes na equipe multiprofissional, que deve ser a mais completa poss\u00edvel.<\/span><\/p>\n<p><span style=\"color: #000000;\">\u201cCom isso requeremos a presen\u00e7a dos cirurgi\u00f5es-dentistas, pois o fato de n\u00e3o haver cuidados bucais provoca desdobramentos que v\u00e3o al\u00e9m da boca e al\u00e9m at\u00e9 da sa\u00fade integral do paciente. Dificuldades na melhora do quadro cl\u00ednico do paciente e o prolongamento da sua estada na UTI geram uma diminui\u00e7\u00e3o no n\u00famero de vagas dispon\u00edveis e aumentam os gastos hospitalares\u201d, completou.<\/span><\/p>\n","protected":false},"excerpt":{"rendered":"<p>A presen\u00e7a de profissionais de odontologia nas Unidades de Terapia Intensiva (UTIs) pode se tornar&#8230;<\/p>\n","protected":false},"author":1,"featured_media":0,"comment_status":"closed","ping_status":"closed","sticky":false,"template":"","format":"standard","meta":{"footnotes":""},"categories":[21],"tags":[],"class_list":["post-15946","post","type-post","status-publish","format-standard","hentry","category-saude"],"_links":{"self":[{"href":"https:\/\/www.corumbaonline.com.br\/news\/wp-json\/wp\/v2\/posts\/15946","targetHints":{"allow":["GET"]}}],"collection":[{"href":"https:\/\/www.corumbaonline.com.br\/news\/wp-json\/wp\/v2\/posts"}],"about":[{"href":"https:\/\/www.corumbaonline.com.br\/news\/wp-json\/wp\/v2\/types\/post"}],"author":[{"embeddable":true,"href":"https:\/\/www.corumbaonline.com.br\/news\/wp-json\/wp\/v2\/users\/1"}],"replies":[{"embeddable":true,"href":"https:\/\/www.corumbaonline.com.br\/news\/wp-json\/wp\/v2\/comments?post=15946"}],"version-history":[{"count":1,"href":"https:\/\/www.corumbaonline.com.br\/news\/wp-json\/wp\/v2\/posts\/15946\/revisions"}],"predecessor-version":[{"id":15947,"href":"https:\/\/www.corumbaonline.com.br\/news\/wp-json\/wp\/v2\/posts\/15946\/revisions\/15947"}],"wp:attachment":[{"href":"https:\/\/www.corumbaonline.com.br\/news\/wp-json\/wp\/v2\/media?parent=15946"}],"wp:term":[{"taxonomy":"category","embeddable":true,"href":"https:\/\/www.corumbaonline.com.br\/news\/wp-json\/wp\/v2\/categories?post=15946"},{"taxonomy":"post_tag","embeddable":true,"href":"https:\/\/www.corumbaonline.com.br\/news\/wp-json\/wp\/v2\/tags?post=15946"}],"curies":[{"name":"wp","href":"https:\/\/api.w.org\/{rel}","templated":true}]}}