{"id":15948,"date":"2018-04-09T12:00:35","date_gmt":"2018-04-09T16:00:35","guid":{"rendered":"http:\/\/www.corumbaonline.com.br\/news\/?p=15948"},"modified":"2018-04-09T12:06:41","modified_gmt":"2018-04-09T16:06:41","slug":"com-campanha-da-agetrat-municipio-alerta-motociclistas-sobre-leis-de-transito","status":"publish","type":"post","link":"https:\/\/www.corumbaonline.com.br\/news\/com-campanha-da-agetrat-municipio-alerta-motociclistas-sobre-leis-de-transito\/","title":{"rendered":"Com campanha da Agetrat, Munic\u00edpio alerta motociclistas sobre leis de tr\u00e2nsito"},"content":{"rendered":"<p>Com o projeto \u201cMotociclista, n\u00e3o seja voc\u00ea a pr\u00f3xima v\u00edtima\u201d realizado na manh\u00e3 desta segunda-feira, 09 de abril, no cruzamento das ruas Frei Mariano e Dom Aquino, a Ag\u00eancia Municipal de Tr\u00e2nsito e Transporte (Agetrat) iniciou as a\u00e7\u00f5es que antecedem o Maio Amarelo.<\/p>\n<p>&nbsp;<\/p>\n<p>Atrav\u00e9s dessa a\u00e7\u00e3o educativa, a Ag\u00eancia Municipal busca diminuir o n\u00famero de motociclistas v\u00edtimas de acidentes de tr\u00e2nsito e prover uma vistoria em capacetes e demais itens de seguran\u00e7a de uso obrigat\u00f3rio pelos usu\u00e1rios de motocicletas. Tamb\u00e9m busca assegurar que os motociclistas tenham consci\u00eancia da responsabilidade e dos riscos que correm dentro do tr\u00e2nsito.<\/p>\n<p>&nbsp;<\/p>\n<p>Nesta primeira a\u00e7\u00e3o foi montado o cen\u00e1rio de um funeral com diversos capacetes de motociclistas em volta de um caix\u00e3o. A inten\u00e7\u00e3o \u00e9 impactar os condutores de motos e pedestres para a problem\u00e1tica. \u201cO objetivo \u00e9 fazer com que as pessoas vejam que correm o risco, sobretudo o motociclista, que em boa parte das vezes, mesmo estando correto ou n\u00e3o, s\u00e3o as maiores v\u00edtimas\u201d, afirmou o diretor-executivo da Agetrat, Cleiton Douglas da Silva.<\/p>\n<p>&nbsp;<\/p>\n<p>A blitz educativa n\u00e3o se resumiu \u00e0 panfletagem. \u201cOs motociclistas acompanharam uma palestra de cinco minutos em que receberam orienta\u00e7\u00f5es e informa\u00e7\u00f5es sobre os dados de acidente de tr\u00e2nsito envolvendo motos, al\u00e9m dos cuidados que precisa ter no cotidiano do tr\u00e2nsito\u201d, informou o diretor da Agetrat. Ele completou que a iniciativa primou pela orienta\u00e7\u00e3o para \u00a0 que \u201centendam que a falta do respeito \u00e0 legisla\u00e7\u00e3o de tr\u00e2nsito pode ocasionar em levar seu bem maior, a vida, ou a de qualquer outro que esteja compartilhando o tr\u00e2nsito\u201d, finalizou.<\/p>\n<p>&nbsp;<\/p>\n<p>As a\u00e7\u00f5es de educa\u00e7\u00e3o para o tr\u00e2nsito propostas pelo projeto \u201cMotociclista, n\u00e3o seja voc\u00ea a pr\u00f3xima v\u00edtima\u201d inserem-se no calend\u00e1rio tem\u00e1tico do Conselho Nacional de Tr\u00e2nsito (Contran), em conjuntura com as propostas locais, cuja meta \u00e9 realizar mensalmente iniciativas direcionadas \u00e0 seguran\u00e7a no tr\u00e2nsito possibilitando a\u00e7\u00f5es focadas em todos os segmentos: pedestres, ciclistas, motociclistas, passageiros e condutores.\u00a0 Nesta segunda-feira, a a\u00e7\u00e3o contou com parceria da concession\u00e1ria Caiob\u00e1 e da Funer\u00e1ria Cristo Rei.<\/p>\n<p>&nbsp;<\/p>\n<p>Nas demais campanhas, os agentes fiscalizadores ir\u00e3o fazer avalia\u00e7\u00f5es nos capacetes dos motociclistas, orientando-os a providenciar os ajustes ou at\u00e9 mesmo a descartar o equipamento. A \u00faltima a\u00e7\u00e3o do projeto consiste em realizar um passeio motocicl\u00edstico pelas ruas da cidade a fim de integrar os motociclistas que cumprem as leis de tr\u00e2nsito em um grande passeio para chamar a aten\u00e7\u00e3o de todos para os riscos e responsabilidades de usar uma motocicleta. Ao t\u00e9rmino dessa a\u00e7\u00e3o, todos participantes ir\u00e3o concorrer aos pr\u00eamios ofertados pelos parceiros.<\/p>\n<p><strong>Maio Amarelo<\/strong><\/p>\n<p>&nbsp;<\/p>\n<p>Maio Amarelo \u00e9 um movimento internacional de conscientiza\u00e7\u00e3o para a redu\u00e7\u00e3o dos acidentes de tr\u00e2nsito e que surgiu com uma s\u00f3 proposta: chamar a aten\u00e7\u00e3o da sociedade para o alto \u00edndice de mortes e feridos no tr\u00e2nsito em todo o mundo.\u00a0 A ideia \u00e9 mobilizar os mais diversos segmentos: \u00f3rg\u00e3os de governos, empresas, entidades de classe, associa\u00e7\u00f5es, federa\u00e7\u00f5es e sociedade civil organizada para discutir o tema.<\/p>\n","protected":false},"excerpt":{"rendered":"<p>Com o projeto \u201cMotociclista, n\u00e3o seja voc\u00ea a pr\u00f3xima v\u00edtima\u201d realizado na manh\u00e3 desta segunda-feira,&#8230;<\/p>\n","protected":false},"author":1,"featured_media":15949,"comment_status":"closed","ping_status":"closed","sticky":false,"template":"","format":"standard","meta":{"footnotes":""},"categories":[8],"tags":[],"class_list":["post-15948","post","type-post","status-publish","format-standard","has-post-thumbnail","hentry","category-destaque"],"_links":{"self":[{"href":"https:\/\/www.corumbaonline.com.br\/news\/wp-json\/wp\/v2\/posts\/15948","targetHints":{"allow":["GET"]}}],"collection":[{"href":"https:\/\/www.corumbaonline.com.br\/news\/wp-json\/wp\/v2\/posts"}],"about":[{"href":"https:\/\/www.corumbaonline.com.br\/news\/wp-json\/wp\/v2\/types\/post"}],"author":[{"embeddable":true,"href":"https:\/\/www.corumbaonline.com.br\/news\/wp-json\/wp\/v2\/users\/1"}],"replies":[{"embeddable":true,"href":"https:\/\/www.corumbaonline.com.br\/news\/wp-json\/wp\/v2\/comments?post=15948"}],"version-history":[{"count":1,"href":"https:\/\/www.corumbaonline.com.br\/news\/wp-json\/wp\/v2\/posts\/15948\/revisions"}],"predecessor-version":[{"id":15950,"href":"https:\/\/www.corumbaonline.com.br\/news\/wp-json\/wp\/v2\/posts\/15948\/revisions\/15950"}],"wp:featuredmedia":[{"embeddable":true,"href":"https:\/\/www.corumbaonline.com.br\/news\/wp-json\/wp\/v2\/media\/15949"}],"wp:attachment":[{"href":"https:\/\/www.corumbaonline.com.br\/news\/wp-json\/wp\/v2\/media?parent=15948"}],"wp:term":[{"taxonomy":"category","embeddable":true,"href":"https:\/\/www.corumbaonline.com.br\/news\/wp-json\/wp\/v2\/categories?post=15948"},{"taxonomy":"post_tag","embeddable":true,"href":"https:\/\/www.corumbaonline.com.br\/news\/wp-json\/wp\/v2\/tags?post=15948"}],"curies":[{"name":"wp","href":"https:\/\/api.w.org\/{rel}","templated":true}]}}