{"id":15953,"date":"2018-04-09T14:16:01","date_gmt":"2018-04-09T18:16:01","guid":{"rendered":"http:\/\/www.corumbaonline.com.br\/news\/?p=15953"},"modified":"2018-04-09T12:21:49","modified_gmt":"2018-04-09T16:21:49","slug":"reducao-de-jornada-de-trabalho-para-quem-tem-filho-com-necessidades-especiais","status":"publish","type":"post","link":"https:\/\/www.corumbaonline.com.br\/news\/reducao-de-jornada-de-trabalho-para-quem-tem-filho-com-necessidades-especiais\/","title":{"rendered":"Redu\u00e7\u00e3o de jornada de trabalho para quem tem filho com necessidades especiais"},"content":{"rendered":"<p><span style=\"color: #000000;\">A redu\u00e7\u00e3o de jornada de trabalho para servidor p\u00fablico municipal que possui filho (natural ou adotivo), portador de necessidades especiais. O pedido est\u00e1 sendo feito pelo vereador Gabriel Alves de Oliveira, e dirigido ao prefeito Marcelo Iunes.<\/span><\/p>\n<p><span style=\"color: #000000;\">Gabriel lembra que a medida est\u00e1 prevista no artigo 11 da Lei Complementar n\u00ba 42, de 2000 (Estatuto do Servidor). \u201cO Executivo Municipal j\u00e1 possui as prerrogativas necess\u00e1rias para o pleno regulamento da medida que visa beneficiar o servidor\u201d, lembra, mas que \u00e9 preciso regulamentar por meio de Decreto, \u201cconforme a necessidade e\/ou programa de tratamento pertinente, podendo ser diminui\u00e7\u00e3o de hor\u00e1rio de forma consecutiva, intercalada, alternada ou escalonada\u201d.<\/span><\/p>\n<p><span style=\"color: #000000;\">Pelo Estatuto do Servidor, em seu cent\u00e9simo artigo, ser\u00e1 concedido hor\u00e1rio especial ao servidor que tenha o c\u00f4njuge ou filho dependente portador de necessidades especiais, comprovado pela assist\u00eancia social e a per\u00edcia m\u00e9dica municipal, com redu\u00e7\u00e3o de carga hor\u00e1ria de at\u00e9 cinquenta por cento da carga hor\u00e1ria do cargo, esta for de oito horas di\u00e1ria.<\/span><\/p>\n<p><span style=\"color: #000000;\">Mas, as concess\u00f5es previstas neste artigo ter\u00e3o que ter regulamento espec\u00edfico. \u201cPor isso estamos fazendo esse pedido ao prefeito, no sentido de que seja elaborado o regulamento com as regras na concess\u00e3o deste benef\u00edcio, para garantir a redu\u00e7\u00e3o da carga hor\u00e1ria semanal aos servidores respons\u00e1veis por pessoas Portadoras de Necessidades Especiais\u201d, justificou.<\/span><\/p>\n<p><span style=\"color: #000000;\">\u201cN\u00e3o se trata somente de oferecer benef\u00edcio, mais sim condi\u00e7\u00f5es para que os pais possam dar aos filhos, o m\u00ednimo de condi\u00e7\u00f5es de efetuar um tratamento que se torne eficaz, pois s\u00e3o necess\u00e1rias sess\u00f5es de fisioterapias, fonoaudiologia e outros tratamentos indispens\u00e1veis para a melhoria da qualidade de vida destas pessoas\u201d, continuou, explicando que estudos comprovam que o tratamento m\u00e9dico, psicol\u00f3gico e fisioter\u00e1pico em portadores de necessidades especiais tem resultados bem melhores se forem acompanhados de perto por seus familiares.<\/span><\/p>\n<p><span style=\"color: #000000;\">\u201cMuitas vezes os pais n\u00e3o possuem recursos financeiros para a contrata\u00e7\u00e3o de profissionais ou tratamentos diferenciados, mas com a redu\u00e7\u00e3o de carga hor\u00e1ria, podem dar mais aten\u00e7\u00e3o aos filhos com necessidades especiais e o setor p\u00fablico n\u00e3o sofrer\u00e1 preju\u00edzo, pois s\u00e3o poucos os servidores que necessitam desta redu\u00e7\u00e3o\u201d, completou.<\/span><\/p>\n","protected":false},"excerpt":{"rendered":"<p>A redu\u00e7\u00e3o de jornada de trabalho para servidor p\u00fablico municipal que possui filho (natural ou&#8230;<\/p>\n","protected":false},"author":1,"featured_media":0,"comment_status":"closed","ping_status":"closed","sticky":false,"template":"","format":"standard","meta":{"footnotes":""},"categories":[19],"tags":[],"class_list":["post-15953","post","type-post","status-publish","format-standard","hentry","category-politica"],"_links":{"self":[{"href":"https:\/\/www.corumbaonline.com.br\/news\/wp-json\/wp\/v2\/posts\/15953","targetHints":{"allow":["GET"]}}],"collection":[{"href":"https:\/\/www.corumbaonline.com.br\/news\/wp-json\/wp\/v2\/posts"}],"about":[{"href":"https:\/\/www.corumbaonline.com.br\/news\/wp-json\/wp\/v2\/types\/post"}],"author":[{"embeddable":true,"href":"https:\/\/www.corumbaonline.com.br\/news\/wp-json\/wp\/v2\/users\/1"}],"replies":[{"embeddable":true,"href":"https:\/\/www.corumbaonline.com.br\/news\/wp-json\/wp\/v2\/comments?post=15953"}],"version-history":[{"count":1,"href":"https:\/\/www.corumbaonline.com.br\/news\/wp-json\/wp\/v2\/posts\/15953\/revisions"}],"predecessor-version":[{"id":15954,"href":"https:\/\/www.corumbaonline.com.br\/news\/wp-json\/wp\/v2\/posts\/15953\/revisions\/15954"}],"wp:attachment":[{"href":"https:\/\/www.corumbaonline.com.br\/news\/wp-json\/wp\/v2\/media?parent=15953"}],"wp:term":[{"taxonomy":"category","embeddable":true,"href":"https:\/\/www.corumbaonline.com.br\/news\/wp-json\/wp\/v2\/categories?post=15953"},{"taxonomy":"post_tag","embeddable":true,"href":"https:\/\/www.corumbaonline.com.br\/news\/wp-json\/wp\/v2\/tags?post=15953"}],"curies":[{"name":"wp","href":"https:\/\/api.w.org\/{rel}","templated":true}]}}