{"id":15960,"date":"2018-04-09T16:00:33","date_gmt":"2018-04-09T20:00:33","guid":{"rendered":"http:\/\/www.corumbaonline.com.br\/news\/?p=15960"},"modified":"2018-04-09T21:02:36","modified_gmt":"2018-04-10T01:02:36","slug":"vereador-reivindica-placas-de-sinalizacao-dos-espacos-publicos-na-cidade","status":"publish","type":"post","link":"https:\/\/www.corumbaonline.com.br\/news\/vereador-reivindica-placas-de-sinalizacao-dos-espacos-publicos-na-cidade\/","title":{"rendered":"Vereador reivindica placas de sinaliza\u00e7\u00e3o dos espa\u00e7os p\u00fablicos na cidade"},"content":{"rendered":"<p><span style=\"color: #000000;\">A aus\u00eancia de placas sinaliza\u00e7\u00e3o dos espa\u00e7os p\u00fablicos existentes na \u00e1rea urbana de Corumb\u00e1 fez com que o vereador Manoel Rodrigues solicitasse \u00e0 Prefeitura, a execu\u00e7\u00e3o de um projeto que visa a organiza\u00e7\u00e3o e oficializa\u00e7\u00e3o desses locais, com numera\u00e7\u00e3o desses im\u00f3veis, bem como nomes dos logradouros p\u00fablicos.<\/span><\/p>\n<p><span style=\"color: #000000;\">O pedido foi dirigido ao prefeito Marcelo Iunes, bem como ao secret\u00e1rio de Infraestrutura e Servi\u00e7os P\u00fablicos, Ricardo Ametlla. Segundo o vereador, \u00e9 preciso um projeto para a organiza\u00e7\u00e3o e oficializa\u00e7\u00e3o dos espa\u00e7os p\u00fablicos urbano.<\/span><\/p>\n<p><span style=\"color: #000000;\">Ele cita que \u00e9 preciso numerar os im\u00f3veis, al\u00e9m de denominar as avenidas, ruas, alamedas, becos, escadarias, pra\u00e7as, morros, entradas de assentamentos, etc., em todos os bairros que n\u00e3o contam com essa padroniza\u00e7\u00e3o, como forma de melhor orientar os pedestres, motoristas, turistas e tamb\u00e9m para os servi\u00e7os de correios e entrega de com\u00e9rcio.<\/span><\/p>\n<p><span style=\"color: #000000;\">Recapeamento<\/span><\/p>\n<p><span style=\"color: #000000;\">Manoel solicita tamb\u00e9m o recapeamento das Ruas Nelson Dib, Comandante Wanderlei, Eug\u00eanio Cunha e Manoel Pereira, Alamedas S\u00e3o Crist\u00f3v\u00e3o e Adelina, todas localizadas entre a Avenida Rio Branco e a Rua Afonso Pena, no Bairro Universit\u00e1rio, que se encontram em condi\u00e7\u00f5es prec\u00e1rias, com buracos e pavimento desgastado em v\u00e1rios trechos. \u201cPara a melhoria urbana, se faz necess\u00e1ria a restaura\u00e7\u00e3o dessas vias\u201d, pediu.<\/span><\/p>\n<p><span style=\"color: #000000;\">Outra reivindica\u00e7\u00e3o, tamb\u00e9m \u00e0 Infraestrutura, foi a remo\u00e7\u00e3o de pedras que est\u00e3o acumuladas em um terreno particular na Rua Edu Rocha, entre as Ruas Pernambuco e Cear\u00e1, no Bairro Guarani, atr\u00e1s do barrac\u00e3o de Zinco. Ele explicou que ap\u00f3s execu\u00e7\u00e3o de obras no local, as pedras foram depositadas no terreno e a propriet\u00e1ria est\u00e1 solicitando a remo\u00e7\u00e3o, j\u00e1 que vai construir sua casa.<\/span><\/p>\n<p><span style=\"color: #000000;\">O vereador solicita ainda servi\u00e7os de capina, poda de \u00e1rvores e remo\u00e7\u00e3o da vegeta\u00e7\u00e3o atr\u00e1s da Pra\u00e7a Generoso Ponce. \u201cTrata-se de um local bastante frequentado por turistas e pela nossa popula\u00e7\u00e3o, \u00e9 um dos cart\u00f5es postais da nossa cidade, mas a vegeta\u00e7\u00e3o impede a visibilidade da beleza do Pantanal, al\u00e9m de acumular sujeira, prop\u00edcio para surgimento de animais pe\u00e7onhento, e estar se transformando em um dep\u00f3sito de lixo de animais mortos, entre outras coisas\u201d, justificou.<\/span><\/p>\n","protected":false},"excerpt":{"rendered":"<p>A aus\u00eancia de placas sinaliza\u00e7\u00e3o dos espa\u00e7os p\u00fablicos existentes na \u00e1rea urbana de Corumb\u00e1 fez&#8230;<\/p>\n","protected":false},"author":1,"featured_media":0,"comment_status":"closed","ping_status":"closed","sticky":false,"template":"","format":"standard","meta":{"footnotes":""},"categories":[19],"tags":[],"class_list":["post-15960","post","type-post","status-publish","format-standard","hentry","category-politica"],"_links":{"self":[{"href":"https:\/\/www.corumbaonline.com.br\/news\/wp-json\/wp\/v2\/posts\/15960","targetHints":{"allow":["GET"]}}],"collection":[{"href":"https:\/\/www.corumbaonline.com.br\/news\/wp-json\/wp\/v2\/posts"}],"about":[{"href":"https:\/\/www.corumbaonline.com.br\/news\/wp-json\/wp\/v2\/types\/post"}],"author":[{"embeddable":true,"href":"https:\/\/www.corumbaonline.com.br\/news\/wp-json\/wp\/v2\/users\/1"}],"replies":[{"embeddable":true,"href":"https:\/\/www.corumbaonline.com.br\/news\/wp-json\/wp\/v2\/comments?post=15960"}],"version-history":[{"count":1,"href":"https:\/\/www.corumbaonline.com.br\/news\/wp-json\/wp\/v2\/posts\/15960\/revisions"}],"predecessor-version":[{"id":15961,"href":"https:\/\/www.corumbaonline.com.br\/news\/wp-json\/wp\/v2\/posts\/15960\/revisions\/15961"}],"wp:attachment":[{"href":"https:\/\/www.corumbaonline.com.br\/news\/wp-json\/wp\/v2\/media?parent=15960"}],"wp:term":[{"taxonomy":"category","embeddable":true,"href":"https:\/\/www.corumbaonline.com.br\/news\/wp-json\/wp\/v2\/categories?post=15960"},{"taxonomy":"post_tag","embeddable":true,"href":"https:\/\/www.corumbaonline.com.br\/news\/wp-json\/wp\/v2\/tags?post=15960"}],"curies":[{"name":"wp","href":"https:\/\/api.w.org\/{rel}","templated":true}]}}