{"id":15969,"date":"2018-04-10T08:21:31","date_gmt":"2018-04-10T12:21:31","guid":{"rendered":"http:\/\/www.corumbaonline.com.br\/news\/?p=15969"},"modified":"2018-04-10T08:02:31","modified_gmt":"2018-04-10T12:02:31","slug":"temer-da-posse-hoje-a-novos-ministros","status":"publish","type":"post","link":"https:\/\/www.corumbaonline.com.br\/news\/temer-da-posse-hoje-a-novos-ministros\/","title":{"rendered":"Temer d\u00e1 posse hoje a novos ministros"},"content":{"rendered":"<p>O presidente Michel Temer dar\u00e1 posse hoje (10) a novos ministros, no Pal\u00e1cio do Planalto. A reforma ministerial foi necess\u00e1ria, j\u00e1 que os ministros que pretendem disputar as elei\u00e7\u00f5es deste ano precisavam deixar o governo, na chamada\u00a0desincompatibiliza\u00e7\u00e3o. A posse coletiva ocorrer\u00e1 \u00e0s 15h.<\/p>\n<p>Tomam posse Eduardo Guardia (Fazenda), Rossieli Soares da Silva (Educa\u00e7\u00e3o), Alberto Beltrame (Desenvolvimento Social), Marcos Jorge (Ind\u00fastria, Com\u00e9rcio Exterior e Servi\u00e7os), Esteves Colnago (Planejamento), Leandro Cruz Fr\u00f3es da Silva (Esporte), Vinicius Lummertz (Turismo), Ant\u00f4nio de P\u00e1dua de Deus (Integra\u00e7\u00e3o Nacional) e Moreira Franco (Minas e Energia).<\/p>\n<p>Dyogo Oliveira, que deixou o Minist\u00e9rio do Planejamento para assumir o BNDES, e Moreira Franco s\u00e3o os \u00fanicos que deixaram o minist\u00e9rio mas que continuam no governo. Temer, no entanto, ainda n\u00e3o definiu quem ocupar\u00e1 a Secretaria-Geral da Presid\u00eancia da Rep\u00fablica no lugar de Moreira Franco.<\/p>\n<p>A maioria dos ex-ministros retoma os mandatos na C\u00e2mara dos Deputados e concorrer\u00e1 \u00e0 reelei\u00e7\u00e3o para o cargo, mas alguns decidiram, pela primeira vez, buscar uma vaga no Senado, que desta vez ter\u00e1 renova\u00e7\u00e3o de dois ter\u00e7os dos parlamentares, cujo mandato \u00e9 de oito anos.<\/p>\n","protected":false},"excerpt":{"rendered":"<p>O presidente Michel Temer dar\u00e1 posse hoje (10) a novos ministros, no Pal\u00e1cio do Planalto&#8230;.<\/p>\n","protected":false},"author":1,"featured_media":0,"comment_status":"closed","ping_status":"closed","sticky":false,"template":"","format":"standard","meta":{"footnotes":""},"categories":[19],"tags":[],"class_list":["post-15969","post","type-post","status-publish","format-standard","hentry","category-politica"],"_links":{"self":[{"href":"https:\/\/www.corumbaonline.com.br\/news\/wp-json\/wp\/v2\/posts\/15969","targetHints":{"allow":["GET"]}}],"collection":[{"href":"https:\/\/www.corumbaonline.com.br\/news\/wp-json\/wp\/v2\/posts"}],"about":[{"href":"https:\/\/www.corumbaonline.com.br\/news\/wp-json\/wp\/v2\/types\/post"}],"author":[{"embeddable":true,"href":"https:\/\/www.corumbaonline.com.br\/news\/wp-json\/wp\/v2\/users\/1"}],"replies":[{"embeddable":true,"href":"https:\/\/www.corumbaonline.com.br\/news\/wp-json\/wp\/v2\/comments?post=15969"}],"version-history":[{"count":1,"href":"https:\/\/www.corumbaonline.com.br\/news\/wp-json\/wp\/v2\/posts\/15969\/revisions"}],"predecessor-version":[{"id":15970,"href":"https:\/\/www.corumbaonline.com.br\/news\/wp-json\/wp\/v2\/posts\/15969\/revisions\/15970"}],"wp:attachment":[{"href":"https:\/\/www.corumbaonline.com.br\/news\/wp-json\/wp\/v2\/media?parent=15969"}],"wp:term":[{"taxonomy":"category","embeddable":true,"href":"https:\/\/www.corumbaonline.com.br\/news\/wp-json\/wp\/v2\/categories?post=15969"},{"taxonomy":"post_tag","embeddable":true,"href":"https:\/\/www.corumbaonline.com.br\/news\/wp-json\/wp\/v2\/tags?post=15969"}],"curies":[{"name":"wp","href":"https:\/\/api.w.org\/{rel}","templated":true}]}}