{"id":15973,"date":"2018-04-10T08:34:26","date_gmt":"2018-04-10T12:34:26","guid":{"rendered":"http:\/\/www.corumbaonline.com.br\/news\/?p=15973"},"modified":"2018-04-10T08:13:08","modified_gmt":"2018-04-10T12:13:08","slug":"vereador-solicita-transporte-coletivo-para-atender-zona-rural-aos-domingos","status":"publish","type":"post","link":"https:\/\/www.corumbaonline.com.br\/news\/vereador-solicita-transporte-coletivo-para-atender-zona-rural-aos-domingos\/","title":{"rendered":"Vereador solicita transporte coletivo para atender zona rural aos domingos"},"content":{"rendered":"<p><span style=\"color: #000000;\">O vereador Evander Vendramini est\u00e1 solicitando \u00e0 Prefeitura e \u00e0 Via\u00e7\u00e3o Cidade Corumb\u00e1, a disponibiliza\u00e7\u00e3o de transporte coletivo aos domingos, para atender quem reside nos assentamentos e nos Distritos de Corumb\u00e1, aos domingos.<\/span><\/p>\n<p><span style=\"color: #000000;\">Conforme ele, o servi\u00e7o n\u00e3o est\u00e1 ocorrendo nesses dias e tem gerado reclama\u00e7\u00f5es por parte dos usu\u00e1rios. \u201cMuitos moradores da zona rural necessitam desse servi\u00e7o. Eles querem vir para a cidade, passar o final de semana, mas ficam impedidos, j\u00e1 que n\u00e3o podem retornar no domingo, por falta de \u00f4nibus. \u00c9 preciso que os ve\u00edculos circulem tamb\u00e9m aos domingos, atendendo quem reside fora da zona urbana\u201d, solicitou.<\/span><\/p>\n<p><span style=\"color: #000000;\">Lix\u00e3o<\/span><\/p>\n<p><span style=\"color: #000000;\">Evander est\u00e1 tamb\u00e9m pedido provid\u00eancias em rela\u00e7\u00e3o \u00e0s queimadas que est\u00e3o ocorrendo no lix\u00e3o da cidade, localizado na entrada para o Assentamento Taquaral. A solicita\u00e7\u00e3o foi encaminhada \u00e0 diretora-presidente da Funda\u00e7\u00e3o do Meio Ambiente do Pantanal, Ana Claudia Moreira Boabaid.<\/span><\/p>\n<p><span style=\"color: #000000;\">O vereador pediu que seja feita uma maior fiscaliza\u00e7\u00e3o para amenizar os problemas dos moradores da parte alta da cidade, que reclamam da intensa fuma\u00e7a t\u00f3xica que prejudica a sa\u00fade, al\u00e9m de desconforto a todos.<\/span><\/p>\n<p><span style=\"color: #000000;\">Solicita ainda \u00e0 Secretaria de Infraestrutura e Servi\u00e7os P\u00fablicos, manuten\u00e7\u00e3o e limpeza em todos os pontos de \u00f4nibus do bairro Cristo Redentor e do conjunto Vitoria R\u00e9gia, como ro\u00e7ada do mato, retirada de entulho e pintura dos pontos.<\/span><\/p>\n","protected":false},"excerpt":{"rendered":"<p>O vereador Evander Vendramini est\u00e1 solicitando \u00e0 Prefeitura e \u00e0 Via\u00e7\u00e3o Cidade Corumb\u00e1, a disponibiliza\u00e7\u00e3o&#8230;<\/p>\n","protected":false},"author":1,"featured_media":15974,"comment_status":"closed","ping_status":"closed","sticky":false,"template":"","format":"standard","meta":{"footnotes":""},"categories":[8,19],"tags":[],"class_list":["post-15973","post","type-post","status-publish","format-standard","has-post-thumbnail","hentry","category-destaque","category-politica"],"_links":{"self":[{"href":"https:\/\/www.corumbaonline.com.br\/news\/wp-json\/wp\/v2\/posts\/15973","targetHints":{"allow":["GET"]}}],"collection":[{"href":"https:\/\/www.corumbaonline.com.br\/news\/wp-json\/wp\/v2\/posts"}],"about":[{"href":"https:\/\/www.corumbaonline.com.br\/news\/wp-json\/wp\/v2\/types\/post"}],"author":[{"embeddable":true,"href":"https:\/\/www.corumbaonline.com.br\/news\/wp-json\/wp\/v2\/users\/1"}],"replies":[{"embeddable":true,"href":"https:\/\/www.corumbaonline.com.br\/news\/wp-json\/wp\/v2\/comments?post=15973"}],"version-history":[{"count":1,"href":"https:\/\/www.corumbaonline.com.br\/news\/wp-json\/wp\/v2\/posts\/15973\/revisions"}],"predecessor-version":[{"id":15975,"href":"https:\/\/www.corumbaonline.com.br\/news\/wp-json\/wp\/v2\/posts\/15973\/revisions\/15975"}],"wp:featuredmedia":[{"embeddable":true,"href":"https:\/\/www.corumbaonline.com.br\/news\/wp-json\/wp\/v2\/media\/15974"}],"wp:attachment":[{"href":"https:\/\/www.corumbaonline.com.br\/news\/wp-json\/wp\/v2\/media?parent=15973"}],"wp:term":[{"taxonomy":"category","embeddable":true,"href":"https:\/\/www.corumbaonline.com.br\/news\/wp-json\/wp\/v2\/categories?post=15973"},{"taxonomy":"post_tag","embeddable":true,"href":"https:\/\/www.corumbaonline.com.br\/news\/wp-json\/wp\/v2\/tags?post=15973"}],"curies":[{"name":"wp","href":"https:\/\/api.w.org\/{rel}","templated":true}]}}