{"id":15978,"date":"2018-04-10T08:52:21","date_gmt":"2018-04-10T12:52:21","guid":{"rendered":"http:\/\/www.corumbaonline.com.br\/news\/?p=15978"},"modified":"2018-04-10T08:55:44","modified_gmt":"2018-04-10T12:55:44","slug":"manifestantes-fecham-rodovias-federais-em-ms-e-prf-recomenda-adiar-viagens","status":"publish","type":"post","link":"https:\/\/www.corumbaonline.com.br\/news\/manifestantes-fecham-rodovias-federais-em-ms-e-prf-recomenda-adiar-viagens\/","title":{"rendered":"Manifestantes fecham rodovias federais em MS e PRF recomenda adiar viagens"},"content":{"rendered":"<p>Tr\u00eas pontos das rodovias federais em Mato Grosso do Sul est\u00e3o bloqueados na manh\u00e3 desta ter\u00e7a-feira devido a manifesta\u00e7\u00f5es. De acordo com a PRF (Pol\u00edcia Rodovi\u00e1ria Federal), h\u00e1 bloqueio na BR 262, BR 163 e BR 267.<\/p>\n<p>Segundo a PRF, a manh\u00e3 deve ser de transtorno para os motoristas que precisarem utilizar os trechos bloqueados. \u201cA PRF recomenda que os condutores deixem as suas viagens para o per\u00edodo da tarde, pois h\u00e1 possibilidade de o movimento n\u00e3o permanecer at\u00e9 l\u00e1\u201d.<\/p>\n<p>A pol\u00edcia acredita que os manifestantes sejam do MST (Movimento Sem Terra), mas ainda n\u00e3o h\u00e1 confirma\u00e7\u00e3o. Na manh\u00e3 da \u00faltima sexta-feira (6), houve\u00a0<strong><a href=\"http:\/\/www.midiamax.com.br\/transito\/manifestantes-mst-liberam-br-262-267-bloqueio-pela-manha-371758\" target=\"_blank\" rel=\"noopener noreferrer\">protesto do movimento devido \u00e0 pris\u00e3o do ex-presidente Lula<\/a><\/strong>. A Pol\u00edcia est\u00e1 em dire\u00e7\u00e3o dos trechos e ainda n\u00e3o h\u00e1 informa\u00e7\u00f5es sobre o motivo do bloqueio. Confira os pontos de barreira:<\/p>\n<p><strong>BR 262:<\/strong>\u00a0km 442, no trevo de acesso para Dois Irm\u00e3os do Buriti;<\/p>\n<p><strong>BR 163:<\/strong>\u00a0km 104, em Navira\u00ed, em sentido a Mundo Novo;<\/p>\n<p><strong>BR 267:<\/strong>\u00a0km 136, entre Nova Alvorada do Sul e Bataguassu.<\/p>\n","protected":false},"excerpt":{"rendered":"<p>Tr\u00eas pontos das rodovias federais em Mato Grosso do Sul est\u00e3o bloqueados na manh\u00e3 desta&#8230;<\/p>\n","protected":false},"author":1,"featured_media":0,"comment_status":"closed","ping_status":"closed","sticky":false,"template":"","format":"standard","meta":{"footnotes":""},"categories":[18],"tags":[],"class_list":["post-15978","post","type-post","status-publish","format-standard","hentry","category-seguranca"],"_links":{"self":[{"href":"https:\/\/www.corumbaonline.com.br\/news\/wp-json\/wp\/v2\/posts\/15978","targetHints":{"allow":["GET"]}}],"collection":[{"href":"https:\/\/www.corumbaonline.com.br\/news\/wp-json\/wp\/v2\/posts"}],"about":[{"href":"https:\/\/www.corumbaonline.com.br\/news\/wp-json\/wp\/v2\/types\/post"}],"author":[{"embeddable":true,"href":"https:\/\/www.corumbaonline.com.br\/news\/wp-json\/wp\/v2\/users\/1"}],"replies":[{"embeddable":true,"href":"https:\/\/www.corumbaonline.com.br\/news\/wp-json\/wp\/v2\/comments?post=15978"}],"version-history":[{"count":1,"href":"https:\/\/www.corumbaonline.com.br\/news\/wp-json\/wp\/v2\/posts\/15978\/revisions"}],"predecessor-version":[{"id":15979,"href":"https:\/\/www.corumbaonline.com.br\/news\/wp-json\/wp\/v2\/posts\/15978\/revisions\/15979"}],"wp:attachment":[{"href":"https:\/\/www.corumbaonline.com.br\/news\/wp-json\/wp\/v2\/media?parent=15978"}],"wp:term":[{"taxonomy":"category","embeddable":true,"href":"https:\/\/www.corumbaonline.com.br\/news\/wp-json\/wp\/v2\/categories?post=15978"},{"taxonomy":"post_tag","embeddable":true,"href":"https:\/\/www.corumbaonline.com.br\/news\/wp-json\/wp\/v2\/tags?post=15978"}],"curies":[{"name":"wp","href":"https:\/\/api.w.org\/{rel}","templated":true}]}}